{"id":11646,"date":"2024-11-06T00:33:09","date_gmt":"2024-11-06T00:33:09","guid":{"rendered":"https:\/\/deturfunpoco.com\/deturf\/?p=11646"},"modified":"2024-11-06T23:26:24","modified_gmt":"2024-11-06T23:26:24","slug":"se-viene-el-gran-premio-dardo-rocha-con-una-importante-bolsa-de-premios","status":"publish","type":"post","link":"https:\/\/deturfunpoco.com\/deturf\/2024\/11\/06\/se-viene-el-gran-premio-dardo-rocha-con-una-importante-bolsa-de-premios\/","title":{"rendered":"Se viene el Gran Premio Dardo Rocha con una importante bolsa de premios\u00a0"},"content":{"rendered":"\n<p><em>As\u00ed lo anunciaron Gonzalo Atanasof, presidente del Instituto de Loter\u00eda de la Provincia, y Mariano Cowen, administrador general del Hip\u00f3dromo, en una conferencia de prensa.&nbsp;<\/em><\/p>\n\n\n\n<p>El martes 19 de noviembre se correr\u00e1 la 104\u00aa edici\u00f3n del Gran Premio Dardo Rocha (G1) en la ciudad de La Plata y desde el Hip\u00f3dromo, junto al Instituto de Loter\u00eda de la Provincia, se preparan para lo que ser\u00e1 una gran jornada para el turf nacional.<\/p>\n\n\n\n<figure class=\"wp-block-image size-large\"><img decoding=\"async\" width=\"1024\" height=\"663\" src=\"https:\/\/deturfunpoco.com\/deturf\/wp-content\/uploads\/2024\/11\/IMG_8420-1024x663.jpg\" alt=\"\" class=\"wp-image-11647\" srcset=\"https:\/\/deturfunpoco.com\/deturf\/wp-content\/uploads\/2024\/11\/IMG_8420-1024x663.jpg 1024w, https:\/\/deturfunpoco.com\/deturf\/wp-content\/uploads\/2024\/11\/IMG_8420-300x194.jpg 300w, https:\/\/deturfunpoco.com\/deturf\/wp-content\/uploads\/2024\/11\/IMG_8420-768x498.jpg 768w, https:\/\/deturfunpoco.com\/deturf\/wp-content\/uploads\/2024\/11\/IMG_8420-1536x995.jpg 1536w, https:\/\/deturfunpoco.com\/deturf\/wp-content\/uploads\/2024\/11\/IMG_8420-2048x1327.jpg 2048w\" sizes=\"(max-width: 1024px) 100vw, 1024px\" \/><\/figure>\n\n\n\n<p><br>El Gran Premio Dardo Rocha ser\u00e1 una carrera de 2.400 metros con SPC de 3 a\u00f1os y m\u00e1s, y contar\u00e1 con una bolsa de premios de $152 millones de pesos.<\/p>\n\n\n\n<ul class=\"wp-block-list\">\n<li>1\u00ba Premio: $80.000.000.-&nbsp;<\/li>\n\n\n\n<li>2\u00ba Premio: $32.000.000.-<\/li>\n\n\n\n<li>3\u00ba Premio: $16.000.000.-<\/li>\n<\/ul>\n\n\n\n<p>La jornada contar\u00e1 con un total de 16 carreras, dentro de las cuales se destacan:<\/p>\n\n\n\n<ul class=\"wp-block-list\">\n<li>El Cl\u00e1sico Joaqu\u00edn V. Gonz\u00e1lez (G2) con una bolsa de $71.250.000.<\/li>\n\n\n\n<li>El Cl\u00e1sico Ciudad de La Plata (G2) con una bolsa de $50.730.000.<\/li>\n\n\n\n<li>El Cl\u00e1sico Marcos Levalle (G2) con una bolsa de $30.400.000.<\/li>\n<\/ul>\n\n\n\n<p>El viernes 8 de noviembre ser\u00e1 la inscripci\u00f3n de los caballos mientras que el d\u00eda 11 se podr\u00e1n entregar las declaraciones de forfaits para quienes no puedan concurrir al evento; por \u00faltimo, el compromiso de montas se entregar\u00e1 el 12 de noviembre.<\/p>\n\n\n\n<p>Con un total de 16 competencias de primer nivel, el p\u00fablico podr\u00e1 disfrutar de las carreras con los mejores pura sangre, en una jornada que comenzar\u00e1 alrededor de las 14.00 hs.<\/p>\n\n\n\n<p><strong><em>Obras en el Hip\u00f3dromo de La Plata<\/em><\/strong><\/p>\n\n\n\n<p>Adem\u00e1s del anuncio del Gran Premio, en la conferencia se brindaron detalles de las obras en las que se est\u00e1n trabajando en el circo h\u00edpico platense. Estas obras, incluyen los siguientes trabajos:<\/p>\n\n\n\n<ul class=\"wp-block-list\">\n<li><strong>Nueva iluminaci\u00f3n LED para la pista<\/strong>.\n<ul class=\"wp-block-list\">\n<li>Se est\u00e1n instalando m\u00e1s de 300 nuevas luces LED que reemplazan a las antiguas l\u00e1mparas hal\u00f3genas. Esta obra mejorar\u00e1 la visibilidad y permitir\u00e1 correr en horarios nocturnos.<\/li>\n<\/ul>\n<\/li>\n<\/ul>\n\n\n\n<ul class=\"wp-block-list\">\n<li><strong>2.000 metros de nueva empalizada.<\/strong><\/li>\n\n\n\n<li>Se est\u00e1 trabajando en una nueva empalizada de PVC que reemplaza a la anterior de fibra de vidrio. Hac\u00eda m\u00e1s de 40 a\u00f1os que no se cambiaba el material de la empalizada.<\/li>\n<\/ul>\n\n\n\n<ul class=\"wp-block-list\">\n<li>&nbsp;<strong>Trabajos de mantenimiento y de puesta en valor.<\/strong><\/li>\n\n\n\n<li>Se est\u00e1 trabajando en el mantenimiento integral de la pista, con un proceso de nivelaci\u00f3n de la principal y las auxiliares, la sala de prensa, y con trabajos de puesta en valor de la fachada del edificio para recuperar su valor patrimonial.\u00a0<\/li>\n<\/ul>\n\n\n\n<p>Prensa Hip\u00f3dromo de La Plata<\/p>\n\n\n\n<p class=\"has-text-align-right\">By: Constanza Pulgar &#8211; De Turf Un Poco<\/p>\n\n\n\n<figure class=\"wp-block-image\"><a href=\"https:\/\/utta.org.ar\/\" target=\"_blank\" rel=\"noreferrer noopener\"><img decoding=\"async\" width=\"728\" height=\"90\" src=\"https:\/\/deturfunpoco.com\/deturf\/wp-content\/uploads\/2022\/11\/banner-ospat.jpg\" alt=\"\" class=\"wp-image-9298\" srcset=\"https:\/\/deturfunpoco.com\/deturf\/wp-content\/uploads\/2022\/11\/banner-ospat.jpg 728w, https:\/\/deturfunpoco.com\/deturf\/wp-content\/uploads\/2022\/11\/banner-ospat-300x37.jpg 300w, https:\/\/deturfunpoco.com\/deturf\/wp-content\/uploads\/2022\/11\/banner-ospat-720x90.jpg 720w\" sizes=\"(max-width: 728px) 100vw, 728px\" \/><\/a><figcaption class=\"wp-element-caption\">Obra Social del Personal de la Actividad del Turf \/ Uni\u00f3n de Trabajadores del Turf y Afines<\/figcaption><\/figure>\n\n\n\n<figure class=\"wp-block-image\"><a href=\"http:\/\/www.aphara.org.ar\/\" target=\"_blank\" rel=\"noreferrer noopener\"><img decoding=\"async\" width=\"1024\" height=\"129\" src=\"https:\/\/deturfunpoco.com\/deturf\/wp-content\/uploads\/2024\/01\/banner-aphara-1028x180-1-1-1536x193-1-scaled-1.jpg\" alt=\"\" class=\"wp-image-10965\" srcset=\"https:\/\/deturfunpoco.com\/deturf\/wp-content\/uploads\/2024\/01\/banner-aphara-1028x180-1-1-1536x193-1-scaled-1.jpg 1024w, https:\/\/deturfunpoco.com\/deturf\/wp-content\/uploads\/2024\/01\/banner-aphara-1028x180-1-1-1536x193-1-scaled-1-300x38.jpg 300w, https:\/\/deturfunpoco.com\/deturf\/wp-content\/uploads\/2024\/01\/banner-aphara-1028x180-1-1-1536x193-1-scaled-1-768x97.jpg 768w\" sizes=\"(max-width: 1024px) 100vw, 1024px\" \/><\/a><figcaption class=\"wp-element-caption\">Asociaci\u00f3n del Personal de Hip\u00f3dromos, Agencias, Apuestas y Afines de la Rep\u00fablica Argentina<\/figcaption><\/figure>\n\n\n\n<figure class=\"wp-block-image\"><a href=\"https:\/\/harasdonteodoro.com\/\" target=\"_blank\" rel=\"noreferrer noopener\"><img decoding=\"async\" width=\"800\" height=\"140\" src=\"https:\/\/deturfunpoco.com\/deturf\/wp-content\/uploads\/2024\/01\/BANNER-DST.png\" alt=\"\" class=\"wp-image-11040\" srcset=\"https:\/\/deturfunpoco.com\/deturf\/wp-content\/uploads\/2024\/01\/BANNER-DST.png 800w, https:\/\/deturfunpoco.com\/deturf\/wp-content\/uploads\/2024\/01\/BANNER-DST-300x53.png 300w, https:\/\/deturfunpoco.com\/deturf\/wp-content\/uploads\/2024\/01\/BANNER-DST-768x134.png 768w\" sizes=\"(max-width: 800px) 100vw, 800px\" \/><\/a><figcaption class=\"wp-element-caption\">Haras Don Teodoro<\/figcaption><\/figure>\n\n\n\n<figure class=\"wp-block-image\"><img decoding=\"async\" width=\"800\" height=\"150\" src=\"https:\/\/deturfunpoco.com\/deturf\/wp-content\/uploads\/2024\/08\/Stud-Juan-Antonio.png\" alt=\"\" class=\"wp-image-11493\" srcset=\"https:\/\/deturfunpoco.com\/deturf\/wp-content\/uploads\/2024\/08\/Stud-Juan-Antonio.png 800w, https:\/\/deturfunpoco.com\/deturf\/wp-content\/uploads\/2024\/08\/Stud-Juan-Antonio-300x56.png 300w, https:\/\/deturfunpoco.com\/deturf\/wp-content\/uploads\/2024\/08\/Stud-Juan-Antonio-768x144.png 768w\" sizes=\"(max-width: 800px) 100vw, 800px\" \/><figcaption class=\"wp-element-caption\">Haras \/ Stud Juan Antonio<\/figcaption><\/figure>\n\n\n\n<figure class=\"wp-block-image\"><img decoding=\"async\" width=\"800\" height=\"140\" src=\"https:\/\/deturfunpoco.com\/deturf\/wp-content\/uploads\/2023\/07\/Haras-San-Benito4.png\" alt=\"\" class=\"wp-image-10374\" srcset=\"https:\/\/deturfunpoco.com\/deturf\/wp-content\/uploads\/2023\/07\/Haras-San-Benito4.png 800w, https:\/\/deturfunpoco.com\/deturf\/wp-content\/uploads\/2023\/07\/Haras-San-Benito4-300x53.png 300w, https:\/\/deturfunpoco.com\/deturf\/wp-content\/uploads\/2023\/07\/Haras-San-Benito4-768x134.png 768w\" sizes=\"(max-width: 800px) 100vw, 800px\" \/><figcaption class=\"wp-element-caption\">Haras San Benito<\/figcaption><\/figure>\n\n\n\n<figure class=\"wp-block-image\"><img decoding=\"async\" width=\"800\" height=\"150\" src=\"https:\/\/deturfunpoco.com\/deturf\/wp-content\/uploads\/2024\/08\/Stud-J.C.V.-Sta-Fe5.png\" alt=\"\" class=\"wp-image-11538\" srcset=\"https:\/\/deturfunpoco.com\/deturf\/wp-content\/uploads\/2024\/08\/Stud-J.C.V.-Sta-Fe5.png 800w, https:\/\/deturfunpoco.com\/deturf\/wp-content\/uploads\/2024\/08\/Stud-J.C.V.-Sta-Fe5-300x56.png 300w, https:\/\/deturfunpoco.com\/deturf\/wp-content\/uploads\/2024\/08\/Stud-J.C.V.-Sta-Fe5-768x144.png 768w\" sizes=\"(max-width: 800px) 100vw, 800px\" \/><figcaption class=\"wp-element-caption\">Asociaci\u00f3n Gremial Profesionales del Turf&nbsp;<\/figcaption><\/figure>\n\n\n\n<figure class=\"wp-block-image\"><a href=\"https:\/\/www.instagram.com\/harasdonflorentino\/\" target=\"_blank\" rel=\"noreferrer noopener\"><img decoding=\"async\" width=\"728\" height=\"90\" src=\"https:\/\/deturfunpoco.com\/deturf\/wp-content\/uploads\/2022\/11\/banner-donflorentino2.jpg\" alt=\"\" class=\"wp-image-9297\" srcset=\"https:\/\/deturfunpoco.com\/deturf\/wp-content\/uploads\/2022\/11\/banner-donflorentino2.jpg 728w, https:\/\/deturfunpoco.com\/deturf\/wp-content\/uploads\/2022\/11\/banner-donflorentino2-300x37.jpg 300w, https:\/\/deturfunpoco.com\/deturf\/wp-content\/uploads\/2022\/11\/banner-donflorentino2-720x90.jpg 720w\" sizes=\"(max-width: 728px) 100vw, 728px\" \/><\/a><figcaption class=\"wp-element-caption\">Haras Don Florentino<\/figcaption><\/figure>\n\n\n\n<figure class=\"wp-block-image\"><a href=\"https:\/\/wa.me\/+5491150409936\" target=\"_blank\" rel=\"noreferrer noopener\"><img decoding=\"async\" width=\"1024\" height=\"129\" src=\"https:\/\/deturfunpoco.com\/deturf\/wp-content\/uploads\/2024\/01\/FOTOS-DIGITALES.png\" alt=\"\" class=\"wp-image-11042\" srcset=\"https:\/\/deturfunpoco.com\/deturf\/wp-content\/uploads\/2024\/01\/FOTOS-DIGITALES.png 1024w, https:\/\/deturfunpoco.com\/deturf\/wp-content\/uploads\/2024\/01\/FOTOS-DIGITALES-300x38.png 300w, https:\/\/deturfunpoco.com\/deturf\/wp-content\/uploads\/2024\/01\/FOTOS-DIGITALES-768x97.png 768w\" sizes=\"(max-width: 1024px) 100vw, 1024px\" \/><\/a><figcaption class=\"wp-element-caption\">De Turf Un Poco<\/figcaption><\/figure>\n\n\n\n<figure class=\"wp-block-image\"><a href=\"https:\/\/www.palermo.com.ar\/\" target=\"_blank\" rel=\"noreferrer noopener\"><img decoding=\"async\" width=\"1024\" height=\"239\" src=\"https:\/\/deturfunpoco.com\/deturf\/wp-content\/uploads\/2024\/03\/banner-pal.jpg\" alt=\"\" class=\"wp-image-11146\" srcset=\"https:\/\/deturfunpoco.com\/deturf\/wp-content\/uploads\/2024\/03\/banner-pal.jpg 1024w, https:\/\/deturfunpoco.com\/deturf\/wp-content\/uploads\/2024\/03\/banner-pal-300x70.jpg 300w, https:\/\/deturfunpoco.com\/deturf\/wp-content\/uploads\/2024\/03\/banner-pal-768x179.jpg 768w\" sizes=\"(max-width: 1024px) 100vw, 1024px\" \/><\/a><figcaption class=\"wp-element-caption\">Hip\u00f3dromo de Palermo<\/figcaption><\/figure>\n\n\n\n<figure class=\"wp-block-image\"><img decoding=\"async\" width=\"1024\" height=\"393\" src=\"https:\/\/deturfunpoco.com\/deturf\/wp-content\/uploads\/2024\/10\/464152244_947395867420791_6187810827094434889_n-1024x393.jpg\" alt=\"\" class=\"wp-image-11630\" srcset=\"https:\/\/deturfunpoco.com\/deturf\/wp-content\/uploads\/2024\/10\/464152244_947395867420791_6187810827094434889_n-1024x393.jpg 1024w, https:\/\/deturfunpoco.com\/deturf\/wp-content\/uploads\/2024\/10\/464152244_947395867420791_6187810827094434889_n-300x115.jpg 300w, https:\/\/deturfunpoco.com\/deturf\/wp-content\/uploads\/2024\/10\/464152244_947395867420791_6187810827094434889_n-768x295.jpg 768w, https:\/\/deturfunpoco.com\/deturf\/wp-content\/uploads\/2024\/10\/464152244_947395867420791_6187810827094434889_n-1536x590.jpg 1536w, https:\/\/deturfunpoco.com\/deturf\/wp-content\/uploads\/2024\/10\/464152244_947395867420791_6187810827094434889_n.jpg 1708w\" sizes=\"(max-width: 1024px) 100vw, 1024px\" \/><figcaption class=\"wp-element-caption\">Hip\u00f3dromo de San Isidro<\/figcaption><\/figure>\n\n\n\n<p><\/p>\n","protected":false},"excerpt":{"rendered":"<p>As\u00ed lo anunciaron Gonzalo Atanasof, presidente del Instituto de Loter\u00eda de la Provincia, y Mariano<\/p>\n","protected":false},"author":1,"featured_media":11649,"comment_status":"closed","ping_status":"closed","sticky":false,"template":"","format":"standard","meta":{"iawp_total_views":35,"footnotes":""},"categories":[5,1,696,4,3],"tags":[148,351,430],"class_list":["post-11646","post","type-post","status-publish","format-standard","has-post-thumbnail","hentry","category-agenda","category-deturfunpoco","category-hipodromo-de-la-plata-turf","category-sociales","category-turf","tag-de-turf-un-poco","tag-gran-premio-dardo-rocha","tag-hipodromo-de-la-plata-2"],"_links":{"self":[{"href":"https:\/\/deturfunpoco.com\/deturf\/wp-json\/wp\/v2\/posts\/11646","targetHints":{"allow":["GET"]}}],"collection":[{"href":"https:\/\/deturfunpoco.com\/deturf\/wp-json\/wp\/v2\/posts"}],"about":[{"href":"https:\/\/deturfunpoco.com\/deturf\/wp-json\/wp\/v2\/types\/post"}],"author":[{"embeddable":true,"href":"https:\/\/deturfunpoco.com\/deturf\/wp-json\/wp\/v2\/users\/1"}],"replies":[{"embeddable":true,"href":"https:\/\/deturfunpoco.com\/deturf\/wp-json\/wp\/v2\/comments?post=11646"}],"version-history":[{"count":2,"href":"https:\/\/deturfunpoco.com\/deturf\/wp-json\/wp\/v2\/posts\/11646\/revisions"}],"predecessor-version":[{"id":11657,"href":"https:\/\/deturfunpoco.com\/deturf\/wp-json\/wp\/v2\/posts\/11646\/revisions\/11657"}],"wp:featuredmedia":[{"embeddable":true,"href":"https:\/\/deturfunpoco.com\/deturf\/wp-json\/wp\/v2\/media\/11649"}],"wp:attachment":[{"href":"https:\/\/deturfunpoco.com\/deturf\/wp-json\/wp\/v2\/media?parent=11646"}],"wp:term":[{"taxonomy":"category","embeddable":true,"href":"https:\/\/deturfunpoco.com\/deturf\/wp-json\/wp\/v2\/categories?post=11646"},{"taxonomy":"post_tag","embeddable":true,"href":"https:\/\/deturfunpoco.com\/deturf\/wp-json\/wp\/v2\/tags?post=11646"}],"curies":[{"name":"wp","href":"https:\/\/api.w.org\/{rel}","templated":true}]}}