{"id":11929,"date":"2025-04-15T14:39:22","date_gmt":"2025-04-15T14:39:22","guid":{"rendered":"https:\/\/deturfunpoco.com\/deturf\/?p=11929"},"modified":"2025-04-15T14:39:23","modified_gmt":"2025-04-15T14:39:23","slug":"glad-llega-al-hsi-con-una-propuesta-cultural-y-gastronomica-unica","status":"publish","type":"post","link":"https:\/\/deturfunpoco.com\/deturf\/2025\/04\/15\/glad-llega-al-hsi-con-una-propuesta-cultural-y-gastronomica-unica\/","title":{"rendered":"GLAD Llega al HSI con una propuesta cultural y gastron\u00f3mica \u00fanica"},"content":{"rendered":"\n<p><strong><em>El s\u00e1bado 19 de abril se realizar\u00e1 la primera edici\u00f3n del festival, con entrada libre y gratuita.<\/em><\/strong><\/p>\n\n\n\n<p>El pr\u00f3ximo<strong> s\u00e1bado 19<\/strong> de abril, el <strong>Hip\u00f3dromo de San Isidro<\/strong> ser\u00e1 sede de una nueva experiencia cultural: <strong>GLAD<\/strong>, un festival pensado para combinar la emoci\u00f3n de las carreras de caballos con una propuesta art\u00edstica y gastron\u00f3mica diversa, al aire libre y en un entorno \u00fanico.<\/p>\n\n\n\n<p>La entrada ser\u00e1 libre y gratuita, con cupo limitado. Desde las 15:00 y hasta la medianoche, el p\u00fablico podr\u00e1 disfrutar de una programaci\u00f3n que incluye charlas, talleres, exposiciones, autos cl\u00e1sicos, m\u00fasica en vivo, DJs,<br>propuestas gastron\u00f3micas, catas de vino y espacios especialmente dise\u00f1ados para el disfrute colectivo.<\/p>\n\n\n\n<p>El evento tendr\u00e1 lugar en el centro de la pista principal del hip\u00f3dromo, con capacidad para 3000 personas.<\/p>\n\n\n\n<p>Entre las actividades destacadas se encuentran:<\/p>\n\n\n\n<p>\u2013 El Club de la Serpiente, una fiesta que fusiona g\u00e9neros como House, Funk, Hip Hop y Neo Soul, y que en esta edici\u00f3n presentar\u00e1 Las Reliquias del Bosque Encantado, una puesta en escena especialmente dise\u00f1ada para GLAD.<\/p>\n\n\n\n<p>\u2013 Una masterclass en vivo de Locos x el Asado, a cargo del Laucha, creador de la comunidad parrillera m\u00e1s grande del mundo.<\/p>\n\n\n\n<p>\u2013 Una cata de vinos guiada por el sommelier Emiliano Napimoga, con el respaldo de la bodega Salentein.<\/p>\n\n\n\n<figure class=\"wp-block-image\"><img decoding=\"async\" src=\"https:\/\/hipodromosanisidro.com\/wp-content\/uploads\/2025\/04\/WhatsApp-Image-2025-04-07-at-13.03.58-1-1.jpeg\" alt=\"\" class=\"wp-image-5046\"\/><\/figure>\n\n\n\n<p><strong>INFORMACI\u00d3N GENERAL DEL EVENTO<\/strong><\/p>\n\n\n\n<ul class=\"wp-block-list\">\n<li>Entrada libre y gratuita (sujeta a la capacidad del lugar)<\/li>\n\n\n\n<li>Exclusivo para mayores de 18 a\u00f1os<\/li>\n\n\n\n<li>Las puertas abrir\u00e1n a las 15 hs y cerrar\u00e1n a las 21 hs.<\/li>\n\n\n\n<li>Las entradas para la cata de vinos se entregar\u00e1n el mismo d\u00eda desde las 15 hs en el Puesto de Informes, hasta agotar stock (una por persona adulta)<\/li>\n\n\n\n<li>La programaci\u00f3n se extender\u00e1 hasta las 00 hs.<\/li>\n<\/ul>\n\n\n\n<p>Entradas disponibles en: <strong>www.passline.com<\/strong><\/p>\n\n\n\n<p><em>M\u00e1s informaci\u00f3n y novedades en redes<\/em><\/p>\n\n\n\n<ul class=\"wp-block-list\">\n<li>Instagram: @glad.arg<\/li>\n\n\n\n<li>Facebook: Glad Argentina<\/li>\n\n\n\n<li>TikTok: @glad.argentina<\/li>\n<\/ul>\n\n\n\n<p>Prensa HSI<\/p>\n\n\n\n<p class=\"has-text-align-right\">By: Constanza Pulgar \u2013 De Turf Un Poco<\/p>\n\n\n\n<figure class=\"wp-block-image\"><a href=\"https:\/\/utta.org.ar\/\" target=\"_blank\" rel=\"noreferrer noopener\"><img decoding=\"async\" width=\"728\" height=\"90\" src=\"https:\/\/deturfunpoco.com\/deturf\/wp-content\/uploads\/2022\/11\/banner-ospat.jpg\" alt=\"\" class=\"wp-image-9298\" srcset=\"https:\/\/deturfunpoco.com\/deturf\/wp-content\/uploads\/2022\/11\/banner-ospat.jpg 728w, https:\/\/deturfunpoco.com\/deturf\/wp-content\/uploads\/2022\/11\/banner-ospat-300x37.jpg 300w, https:\/\/deturfunpoco.com\/deturf\/wp-content\/uploads\/2022\/11\/banner-ospat-720x90.jpg 720w\" sizes=\"(max-width: 728px) 100vw, 728px\" \/><\/a><figcaption class=\"wp-element-caption\">Obra Social del Personal de la Actividad del Turf \/ Uni\u00f3n de Trabajadores del Turf y Afines<\/figcaption><\/figure>\n\n\n\n<figure class=\"wp-block-image\"><a href=\"http:\/\/www.aphara.org.ar\/\" target=\"_blank\" rel=\"noreferrer noopener\"><img decoding=\"async\" width=\"1024\" height=\"129\" src=\"https:\/\/deturfunpoco.com\/deturf\/wp-content\/uploads\/2024\/01\/banner-aphara-1028x180-1-1-1536x193-1-scaled-1.jpg\" alt=\"\" class=\"wp-image-10965\" srcset=\"https:\/\/deturfunpoco.com\/deturf\/wp-content\/uploads\/2024\/01\/banner-aphara-1028x180-1-1-1536x193-1-scaled-1.jpg 1024w, https:\/\/deturfunpoco.com\/deturf\/wp-content\/uploads\/2024\/01\/banner-aphara-1028x180-1-1-1536x193-1-scaled-1-300x38.jpg 300w, https:\/\/deturfunpoco.com\/deturf\/wp-content\/uploads\/2024\/01\/banner-aphara-1028x180-1-1-1536x193-1-scaled-1-768x97.jpg 768w\" sizes=\"(max-width: 1024px) 100vw, 1024px\" \/><\/a><figcaption class=\"wp-element-caption\">Asociaci\u00f3n del Personal de Hip\u00f3dromos, Agencias, Apuestas y Afines de la Rep\u00fablica Argentina<\/figcaption><\/figure>\n\n\n\n<figure class=\"wp-block-image\"><a href=\"https:\/\/harasdonteodoro.com\/\" target=\"_blank\" rel=\"noreferrer noopener\"><img decoding=\"async\" width=\"800\" height=\"140\" src=\"https:\/\/deturfunpoco.com\/deturf\/wp-content\/uploads\/2024\/01\/BANNER-DST.png\" alt=\"\" class=\"wp-image-11040\" srcset=\"https:\/\/deturfunpoco.com\/deturf\/wp-content\/uploads\/2024\/01\/BANNER-DST.png 800w, https:\/\/deturfunpoco.com\/deturf\/wp-content\/uploads\/2024\/01\/BANNER-DST-300x53.png 300w, https:\/\/deturfunpoco.com\/deturf\/wp-content\/uploads\/2024\/01\/BANNER-DST-768x134.png 768w\" sizes=\"(max-width: 800px) 100vw, 800px\" \/><\/a><figcaption class=\"wp-element-caption\">Haras Don Teodoro<\/figcaption><\/figure>\n\n\n\n<figure class=\"wp-block-image\"><img decoding=\"async\" width=\"800\" height=\"150\" src=\"https:\/\/deturfunpoco.com\/deturf\/wp-content\/uploads\/2024\/08\/Stud-Juan-Antonio.png\" alt=\"\" class=\"wp-image-11493\" srcset=\"https:\/\/deturfunpoco.com\/deturf\/wp-content\/uploads\/2024\/08\/Stud-Juan-Antonio.png 800w, https:\/\/deturfunpoco.com\/deturf\/wp-content\/uploads\/2024\/08\/Stud-Juan-Antonio-300x56.png 300w, https:\/\/deturfunpoco.com\/deturf\/wp-content\/uploads\/2024\/08\/Stud-Juan-Antonio-768x144.png 768w\" sizes=\"(max-width: 800px) 100vw, 800px\" \/><figcaption class=\"wp-element-caption\">Haras \/ Stud Juan Antonio<\/figcaption><\/figure>\n\n\n\n<figure class=\"wp-block-image\"><a href=\"https:\/\/www.harasmasama.com.ar\/\" target=\"_blank\" rel=\"noreferrer noopener\"><img decoding=\"async\" width=\"800\" height=\"150\" src=\"https:\/\/deturfunpoco.com\/deturf\/wp-content\/uploads\/2025\/04\/Stud-J.C.V.-Sta-Fe7.png\" alt=\"\" class=\"wp-image-11827\" srcset=\"https:\/\/deturfunpoco.com\/deturf\/wp-content\/uploads\/2025\/04\/Stud-J.C.V.-Sta-Fe7.png 800w, https:\/\/deturfunpoco.com\/deturf\/wp-content\/uploads\/2025\/04\/Stud-J.C.V.-Sta-Fe7-300x56.png 300w, https:\/\/deturfunpoco.com\/deturf\/wp-content\/uploads\/2025\/04\/Stud-J.C.V.-Sta-Fe7-768x144.png 768w\" sizes=\"(max-width: 800px) 100vw, 800px\" \/><\/a><figcaption class=\"wp-element-caption\">Haras Masama<\/figcaption><\/figure>\n\n\n\n<figure class=\"wp-block-image\"><img decoding=\"async\" width=\"800\" height=\"140\" src=\"https:\/\/deturfunpoco.com\/deturf\/wp-content\/uploads\/2023\/07\/Haras-San-Benito4.png\" alt=\"\" class=\"wp-image-10374\" srcset=\"https:\/\/deturfunpoco.com\/deturf\/wp-content\/uploads\/2023\/07\/Haras-San-Benito4.png 800w, https:\/\/deturfunpoco.com\/deturf\/wp-content\/uploads\/2023\/07\/Haras-San-Benito4-300x53.png 300w, https:\/\/deturfunpoco.com\/deturf\/wp-content\/uploads\/2023\/07\/Haras-San-Benito4-768x134.png 768w\" sizes=\"(max-width: 800px) 100vw, 800px\" \/><figcaption class=\"wp-element-caption\">Haras San Benito<\/figcaption><\/figure>\n\n\n\n<figure class=\"wp-block-image\"><img decoding=\"async\" width=\"800\" height=\"150\" src=\"https:\/\/deturfunpoco.com\/deturf\/wp-content\/uploads\/2024\/08\/Stud-J.C.V.-Sta-Fe5.png\" alt=\"\" class=\"wp-image-11538\" srcset=\"https:\/\/deturfunpoco.com\/deturf\/wp-content\/uploads\/2024\/08\/Stud-J.C.V.-Sta-Fe5.png 800w, https:\/\/deturfunpoco.com\/deturf\/wp-content\/uploads\/2024\/08\/Stud-J.C.V.-Sta-Fe5-300x56.png 300w, https:\/\/deturfunpoco.com\/deturf\/wp-content\/uploads\/2024\/08\/Stud-J.C.V.-Sta-Fe5-768x144.png 768w\" sizes=\"(max-width: 800px) 100vw, 800px\" \/><figcaption class=\"wp-element-caption\">Asociaci\u00f3n Gremial Profesionales del Turf&nbsp;<\/figcaption><\/figure>\n\n\n\n<figure class=\"wp-block-image\"><a href=\"https:\/\/www.instagram.com\/harasdonflorentino\/\" target=\"_blank\" rel=\"noreferrer noopener\"><img decoding=\"async\" width=\"728\" height=\"90\" src=\"https:\/\/deturfunpoco.com\/deturf\/wp-content\/uploads\/2022\/11\/banner-donflorentino2.jpg\" alt=\"\" class=\"wp-image-9297\" srcset=\"https:\/\/deturfunpoco.com\/deturf\/wp-content\/uploads\/2022\/11\/banner-donflorentino2.jpg 728w, https:\/\/deturfunpoco.com\/deturf\/wp-content\/uploads\/2022\/11\/banner-donflorentino2-300x37.jpg 300w, https:\/\/deturfunpoco.com\/deturf\/wp-content\/uploads\/2022\/11\/banner-donflorentino2-720x90.jpg 720w\" sizes=\"(max-width: 728px) 100vw, 728px\" \/><\/a><figcaption class=\"wp-element-caption\">Haras Don Florentino<\/figcaption><\/figure>\n\n\n\n<figure class=\"wp-block-image\"><a href=\"https:\/\/wa.me\/+5491150409936\" target=\"_blank\" rel=\"noreferrer noopener\"><img decoding=\"async\" width=\"1024\" height=\"129\" src=\"https:\/\/deturfunpoco.com\/deturf\/wp-content\/uploads\/2024\/01\/FOTOS-DIGITALES.png\" alt=\"\" class=\"wp-image-11042\" srcset=\"https:\/\/deturfunpoco.com\/deturf\/wp-content\/uploads\/2024\/01\/FOTOS-DIGITALES.png 1024w, https:\/\/deturfunpoco.com\/deturf\/wp-content\/uploads\/2024\/01\/FOTOS-DIGITALES-300x38.png 300w, https:\/\/deturfunpoco.com\/deturf\/wp-content\/uploads\/2024\/01\/FOTOS-DIGITALES-768x97.png 768w\" sizes=\"(max-width: 1024px) 100vw, 1024px\" \/><\/a><figcaption class=\"wp-element-caption\">De Turf Un Poco<\/figcaption><\/figure>\n\n\n\n<figure class=\"wp-block-image\"><a href=\"https:\/\/www.palermo.com.ar\/\" target=\"_blank\" rel=\"noreferrer noopener\"><img decoding=\"async\" width=\"1024\" height=\"239\" src=\"https:\/\/deturfunpoco.com\/deturf\/wp-content\/uploads\/2024\/03\/banner-pal.jpg\" alt=\"\" class=\"wp-image-11146\" srcset=\"https:\/\/deturfunpoco.com\/deturf\/wp-content\/uploads\/2024\/03\/banner-pal.jpg 1024w, https:\/\/deturfunpoco.com\/deturf\/wp-content\/uploads\/2024\/03\/banner-pal-300x70.jpg 300w, https:\/\/deturfunpoco.com\/deturf\/wp-content\/uploads\/2024\/03\/banner-pal-768x179.jpg 768w\" sizes=\"(max-width: 1024px) 100vw, 1024px\" \/><\/a><figcaption class=\"wp-element-caption\">Hip\u00f3dromo de Palermo<\/figcaption><\/figure>\n\n\n\n<figure class=\"wp-block-image\"><img decoding=\"async\" width=\"1024\" height=\"341\" src=\"https:\/\/deturfunpoco.com\/deturf\/wp-content\/uploads\/2025\/01\/hsi-verano-25-1024x341.jpg\" alt=\"\" class=\"wp-image-11752\" srcset=\"https:\/\/deturfunpoco.com\/deturf\/wp-content\/uploads\/2025\/01\/hsi-verano-25-1024x341.jpg 1024w, https:\/\/deturfunpoco.com\/deturf\/wp-content\/uploads\/2025\/01\/hsi-verano-25-300x100.jpg 300w, https:\/\/deturfunpoco.com\/deturf\/wp-content\/uploads\/2025\/01\/hsi-verano-25-768x256.jpg 768w, https:\/\/deturfunpoco.com\/deturf\/wp-content\/uploads\/2025\/01\/hsi-verano-25-1536x512.jpg 1536w, https:\/\/deturfunpoco.com\/deturf\/wp-content\/uploads\/2025\/01\/hsi-verano-25-2048x683.jpg 2048w\" sizes=\"(max-width: 1024px) 100vw, 1024px\" \/><figcaption class=\"wp-element-caption\">Hip\u00f3dromo de San Isidro<\/figcaption><\/figure>\n","protected":false},"excerpt":{"rendered":"<p>El s\u00e1bado 19 de abril se realizar\u00e1 la primera edici\u00f3n del festival, con entrada libre<\/p>\n","protected":false},"author":1,"featured_media":11930,"comment_status":"closed","ping_status":"closed","sticky":false,"template":"","format":"standard","meta":{"iawp_total_views":11,"footnotes":""},"categories":[5,1,671,4],"tags":[148,780,327],"class_list":["post-11929","post","type-post","status-publish","format-standard","has-post-thumbnail","hentry","category-agenda","category-deturfunpoco","category-hipodromo-de-san-isidro","category-sociales","tag-de-turf-un-poco","tag-glad","tag-hipodromo-de-san-isidro-2"],"_links":{"self":[{"href":"https:\/\/deturfunpoco.com\/deturf\/wp-json\/wp\/v2\/posts\/11929","targetHints":{"allow":["GET"]}}],"collection":[{"href":"https:\/\/deturfunpoco.com\/deturf\/wp-json\/wp\/v2\/posts"}],"about":[{"href":"https:\/\/deturfunpoco.com\/deturf\/wp-json\/wp\/v2\/types\/post"}],"author":[{"embeddable":true,"href":"https:\/\/deturfunpoco.com\/deturf\/wp-json\/wp\/v2\/users\/1"}],"replies":[{"embeddable":true,"href":"https:\/\/deturfunpoco.com\/deturf\/wp-json\/wp\/v2\/comments?post=11929"}],"version-history":[{"count":1,"href":"https:\/\/deturfunpoco.com\/deturf\/wp-json\/wp\/v2\/posts\/11929\/revisions"}],"predecessor-version":[{"id":11931,"href":"https:\/\/deturfunpoco.com\/deturf\/wp-json\/wp\/v2\/posts\/11929\/revisions\/11931"}],"wp:featuredmedia":[{"embeddable":true,"href":"https:\/\/deturfunpoco.com\/deturf\/wp-json\/wp\/v2\/media\/11930"}],"wp:attachment":[{"href":"https:\/\/deturfunpoco.com\/deturf\/wp-json\/wp\/v2\/media?parent=11929"}],"wp:term":[{"taxonomy":"category","embeddable":true,"href":"https:\/\/deturfunpoco.com\/deturf\/wp-json\/wp\/v2\/categories?post=11929"},{"taxonomy":"post_tag","embeddable":true,"href":"https:\/\/deturfunpoco.com\/deturf\/wp-json\/wp\/v2\/tags?post=11929"}],"curies":[{"name":"wp","href":"https:\/\/api.w.org\/{rel}","templated":true}]}}