{"id":12162,"date":"2025-07-31T00:14:18","date_gmt":"2025-07-31T00:14:18","guid":{"rendered":"https:\/\/deturfunpoco.com\/deturf\/?p=12162"},"modified":"2025-07-31T00:16:12","modified_gmt":"2025-07-31T00:16:12","slug":"protagonizo-una-de-las-polemicas-mas-recordadas-irrumpio-en-la-tv-y-a-10-anos-de-su-muerte-se-le-cumplio-su-deseo","status":"publish","type":"post","link":"https:\/\/deturfunpoco.com\/deturf\/2025\/07\/31\/protagonizo-una-de-las-polemicas-mas-recordadas-irrumpio-en-la-tv-y-a-10-anos-de-su-muerte-se-le-cumplio-su-deseo\/","title":{"rendered":"Protagoniz\u00f3 una de las pol\u00e9micas m\u00e1s recordadas, irrumpi\u00f3 en la TV y a 10 a\u00f1os de su muerte se le cumpli\u00f3 su deseo"},"content":{"rendered":"\n<h5 class=\"wp-block-heading\">Se defin\u00eda como cr\u00edtico, mostraba el lujo con el que se vest\u00eda y se dio el gusto de hacer cine con Susana Gim\u00e9nez; la vida de pel\u00edcula de Guillermo Nimo, el creador de las frases m\u00e1s emblem\u00e1ticas del deporte<\/h5>\n\n\n\n<p><a href=\"https:\/\/www.lanacion.com.ar\/espectaculos\/protagonizo-una-de-las-polemicas-mas-recordadas-irrumpio-en-la-tv-y-a-10-anos-de-su-muerte-se-le-nid16072025\/\" target=\"_blank\" rel=\"noreferrer noopener\">Por Miguel Braillard PARA LA NACION<\/a><\/p>\n\n\n\n<p>Se defin\u00eda como cr\u00edtico, mostraba el lujo con el que se vest\u00eda y se dio el gusto de hacer cine con Susana Gim\u00e9nez; la vida de pel\u00edcula de Guillermo Nimo, el creador de las frases m\u00e1s emblem\u00e1ticas del deporte<\/p>\n\n\n\n<p>\u00f3mo no recordar los c\u00e9lebres latiguillos que identificaron a <strong>Guillermo Nimo<\/strong> durante sus \u00e9pocas de <strong>\u201cCr\u00edtico N\u00famero 1\u201d<\/strong>, como \u00e9l mismo se defin\u00eda con orgullo: el <em>\u201cPor lo menos, as\u00ed lo veo yo\u201d<\/em>, el <em>\u201cexceccional\u201d<\/em>, el <em>\u201csic, sic\u201d<\/em> (para terminar y reafirmar una idea) el<em> \u201cAsesor Pirincho\u201d<\/em>, sus <em>\u201cperlas blancas y negras\u201d<\/em> (con las que endiosaba o defenestraba con comentarios al hueso, fiel a su estilo, a un protagonista del f\u00fatbol).<\/p>\n\n\n\n<p>Ni hablar de su vestuario con esos impactantes trajes a rayas, las corbatas fulgurantes, y coqueto como era, rematando todo ese look extravagante con otro cl\u00e1sico en \u00e9l como gemelos, pulseras, su infaltable boquilla, todo en oro, sumado a los anillos de brillantes que sol\u00eda lucir en sus manos.<\/p>\n\n\n\n<p>Con el correr del tiempo parec\u00eda otro, pero era el mismo Guillermo Nimo, porte\u00f1o de nacimiento e hijo \u00fanico que tuvo todo lo que quiso. Si ped\u00eda una bicicleta, una pelota o un juego lo ten\u00eda enseguida. Sol\u00eda recordar que sus padres, ella ama de casa y \u00e9l empleado del Jockey Club, le daban todos los gustos: \u201cLo que quer\u00eda lo ten\u00eda\u201d. Le encantaba imponer un estilo con su vestimenta: <strong>\u201cEso lo hered\u00e9 de mi viejo que siempre estaba impecable\u201d<\/strong>.<\/p>\n\n\n\n<h2 class=\"wp-block-heading\">Una vida marcada por la noche y el arbitraje<\/h2>\n\n\n\n<p>Estudi\u00f3 en la Escuela Superior de Comercio Carlos Pellegrini y el f\u00fatbol lo atrajo desde muy joven, llegando a ser arquero en las divisiones inferiores de GEBA y en la Reserva de Hurac\u00e1n. Su \u00eddolo en el arco era nada menos que Amadeo Carrizo, pero su problema, reconocido y confesado por \u00e9l mismo, era <strong>su pasi\u00f3n por la vida nocturna<\/strong>. Por eso iba directo de los boliches a la cancha donde le tocaba jugar. Hasta que su cuerpo no aguant\u00f3 m\u00e1s y tuvo que abandonar. Alguien le dijo que ten\u00eda condiciones para \u00e1rbitro y arranc\u00f3 otra carrera.<\/p>\n\n\n<div class=\"wp-block-image\">\n<figure class=\"aligncenter\"><img decoding=\"async\" src=\"https:\/\/resizer.glanacion.com\/resizer\/v2\/guillermo-nimo-tuvo-un-paso-polemico-por-el-NGHKKCKNSJEGJMJJGZEZ7DVNQE.jpg?auth=0112552bfd48bfbf5d80d1f35cdbdeacd461a3043c7cf085438779e70af70f78&amp;width=420&amp;height=583&amp;quality=70&amp;smart=true\" alt=\"Guillermo Nimo tuvo un paso pol\u00e9mico por el arbitraje \"\/><figcaption class=\"wp-element-caption\">Guillermo Nimo tuvo un paso pol\u00e9mico por el arbitraje Archivo<\/figcaption><\/figure>\n<\/div>\n\n\n<p>Entonces se inscribi\u00f3 en la Escuela de \u00c1rbitros de la Asociaci\u00f3n del F\u00fatbol Argentino y le fue tan bien que en unos pocos a\u00f1os alcanz\u00f3 la categor\u00eda de internacional. Sus ingresos al campo de juego resultaban inolvidables porque siempre entraba \u00faltimo porque se consideraba el plato fuerte del partido en cuesti\u00f3n. Y entonces, como se sent\u00eda poderoso, caminaba erguido dando pasos firmes <em>relojeando <\/em>cada tribuna y haciendo girar en el dedo \u00edndice de su mano derecha el silbato que colgaba de un largo cord\u00f3n.<\/p>\n\n\n\n<p>Histri\u00f3nico como nadie, le iba b\u00e1rbaro, hasta que dirigi\u00f3 el famoso y siempre recordado partido disputado en el estadio de San Lorenzo entre V\u00e9lez y River el 22 de diciembre de 1968, como parte del triangular que tambi\u00e9n jug\u00f3 Racing para definir el Torneo Nacional. Los de la banda roja hab\u00edan vencido a la Academia y si ganaban eran campeones y cortaban una racha de diez a\u00f1os sin coronarse, <strong>que finalmente terminar\u00edan siendo dieciocho hasta lograrlo en 1975.<\/strong><\/p>\n\n\n\n<p>Transcurr\u00edan 82 minutos del encuentro cuando Zottola, defensor de los de Liniers, no pudo despejar la pelota ensayando una chilena dentro de su propia \u00e1rea. La situaci\u00f3n fue aprovechada por Recio, mediocampista \u201cmillonario\u201d, que cabece\u00f3 hacia el arco, super\u00f3 al arquero Mar\u00edn, y entonces Gallo vol\u00f3 con el brazo izquierdo extendido y con su mano evit\u00f3 que el bal\u00f3n ingresara en el arco. La jugada continu\u00f3 y Nimo cobr\u00f3 lo que sucedi\u00f3 despu\u00e9s: una falta del Chamaco Rodr\u00edguez al golero velezano. En paralelo, el juez de l\u00ednea parec\u00eda haber advertido lo que hab\u00eda ocurrido, pero nadie lo escuch\u00f3. Por lo tanto, <strong>lo que sigui\u00f3 fueron innumerables protestas<\/strong>. El partido continu\u00f3, pero Guillermo ante el clima \u00e1spero que predominaba hasta lo termin\u00f3 antes de que se cumpliera el minuto 90. En el encuentro siguiente V\u00e9lez venci\u00f3 a Racing 4 a 2 y <strong>fue campe\u00f3n por primera vez en su historia.<\/strong><\/p>\n\n\n\n<p>Si bien no fue el \u00faltimo partido que dirigi\u00f3, semejante error marc\u00f3 un punto de inflexi\u00f3n en su carrera. Continu\u00f3 como refer\u00ed un tiempo m\u00e1s, pero luego renunci\u00f3 a su cargo tras argumentar problemas con el sindicato de \u00e1rbitros y asegurando que fue una decisi\u00f3n personal y no una expulsi\u00f3n, pese a que supo reconocer que la situaci\u00f3n provocada por esa siempre recordada jugada incidi\u00f3 para tomar la resoluci\u00f3n de dejar la actividad.<\/p>\n\n\n\n<h2 class=\"wp-block-heading\">El d\u00eda que desembarc\u00f3 en la TV<\/h2>\n\n\n\n<p>Siempre se vanagloriaba de que no era periodista, sino <strong>cr\u00edtico<\/strong>, lo que para \u00e9l era un rango superior. En ese rol lleg\u00f3 a ser figura trascendente en el ciclo <em>La noche del domingo<\/em> de Gerardo Sofovich, adem\u00e1s su amigo y consejero, como \u00e9l lo consideraba al igual que a \u201cEl Negro\u201d Carlos \u00c1vila, creador de la empresa Torneos y Competencias, a quienes Guillermo catalogaba como \u201cdos genios\u201d.<\/p>\n\n\n\n<figure class=\"wp-block-embed is-type-video is-provider-youtube wp-block-embed-youtube wp-embed-aspect-4-3 wp-has-aspect-ratio\"><div class=\"wp-block-embed__wrapper\">\n<iframe title=\"Perla Blanca y Perla Negra de Nimo en lo de Fantino\" width=\"640\" height=\"480\" src=\"https:\/\/www.youtube.com\/embed\/DiLfun-99Dc?feature=oembed\" frameborder=\"0\" allow=\"accelerometer; autoplay; clipboard-write; encrypted-media; gyroscope; picture-in-picture; web-share\" referrerpolicy=\"strict-origin-when-cross-origin\" allowfullscreen><\/iframe>\n<\/div><figcaption class=\"wp-element-caption\">Perla blanca y perla negra: latiguillos cl\u00e1sicos de Guillermo Nimo<\/figcaption><\/figure>\n\n\n\n<p>Luego se sum\u00f3 al panel de <em>Pol\u00e9mica en el f\u00fatbol,<\/em> otro programa muy popular, y en un determinado momento fue tentado para hacer cine y se atrevi\u00f3 a sumarse a pel\u00edculas como <em>Gran Valor<\/em> con Juan Carlos Calabr\u00f3, y <em>Esa maldita costilla<\/em>, que comparti\u00f3 con estrellas de la talla de Susana Gim\u00e9nez, Luis Brandoni, Betiana Blum y Guillermo Francella. En tev\u00e9 tambi\u00e9n hizo participaciones en <em>Botineras<\/em>, aquella telenovela policial que se emiti\u00f3 por Telefe.<\/p>\n\n\n\n<p>Y as\u00ed le lleg\u00f3 la oportunidad sobre las tablas con <em>Pol\u00e9mica en el Teatro<\/em>, donde comparti\u00f3 cartel junto con Jos\u00e9 Marrone, Gog\u00f3 Rojo, Osvaldo Pacheco, Carmen Barbieri y Edda D\u00edaz. Con \u201cPepitito\u201d tambi\u00e9n hizo<em><strong>El Revist\u00f3n<\/strong><\/em>, del que formaron parte figuras como Carmen Barbieri, Mario Sapag, Adriana Aguirre y Edda D\u00edaz. Hasta que el sketch que hac\u00eda Luisa Albinoni en <em>La Peluquer\u00eda <\/em>se convirti\u00f3 en la obra que se llam\u00f3 <em><strong>\u00a1Hola mami, hola se\u00f1or!<\/strong><\/em><em>,<\/em> donde trabaj\u00f3 con ella, Rolo Puente, Mar\u00eda Rosa Fugazot, Santiago Bal y Adriana Brodsky.<\/p>\n\n\n\n<p>Su ciclo de radio <em>Nimo no perdona, <\/em>por Radio La Red y Cooperativa, tambi\u00e9n fue un \u00e9xito que se mantuvo por m\u00e1s de una d\u00e9cada. Y un p\u00e1rrafo aparte por lo extravagante fue el video que film\u00f3 para el tema \u201cLa Guitarra\u201d convocado por Los Aut\u00e9nticos Decadentes.<\/p>\n\n\n\n<figure class=\"wp-block-image\"><img decoding=\"async\" src=\"https:\/\/resizer.glanacion.com\/resizer\/v2\/https%3A%2F%2Fcdn.jwplayer.com%2Fv2%2Fmedia%2FOcAR20dP%2Fposter.jpg%3Fwidth%3D720?auth=9558ae5f2250c2995fabcaa3fafa3efb0a50e22e9d260ceffda2ea3226b269f1&amp;width=720&amp;quality=70&amp;smart=false\" alt=\"Los Aut\u00e9nticos Decadentes: La Guitarra, el video en el que particip\u00f3 Nimo\"\/><figcaption class=\"wp-element-caption\">Los Aut\u00e9nticos Decadentes: La Guitarra, el video en el que particip\u00f3 Nimo<\/figcaption><\/figure>\n\n\n\n<h2 class=\"wp-block-heading\">Un adi\u00f3s repentino y un deseo cumplido post mortem<\/h2>\n\n\n\n<p>Su vida privada siempre fue un misterio hasta que Susana Gim\u00e9nez en 2007 se enter\u00f3 de que se hab\u00eda casado con Mar\u00eda, una joven treinta a\u00f1os menor que \u00e9l y lo invit\u00f3 a su living.<strong> Nimo se termin\u00f3 separando de ella en 2010.<\/strong><\/p>\n\n\n<div class=\"wp-block-image\">\n<figure class=\"aligncenter is-resized\"><img decoding=\"async\" src=\"https:\/\/resizer.glanacion.com\/resizer\/v2\/el-abogado-guillermo-patricio-guglielmetti-de-H2IFGQTRBFDZTCYTOUZZEKS4I4.jpg?auth=3fdbf9329e1cbab5a7a6c47af396fde3ff7ae582a00235acf6168785ffbadd46&amp;width=420&amp;height=277&amp;quality=70&amp;smart=true\" alt=\"El abogado Guillermo Patricio Guglielmetti (de saco azul), Julio El Ahmed\u00a0 (campera verde) y Fabi\u00e1n Acosta (campera gris), en el homenaje a Guillermo Nimo, a diez a\u00f1os de su muerte\" style=\"width:660px;height:auto\"\/><figcaption class=\"wp-element-caption\">El abogado Guillermo Patricio Guglielmetti (de saco azul), Julio El Ahmed&nbsp; (campera verde) y Fabi\u00e1n Acosta (campera gris), en el homenaje a Guillermo Nimo, a diez a\u00f1os de su muerte &#8211; Foto: Constanza Pulgar<\/figcaption><\/figure>\n<\/div>\n\n\n<p>El 11 de enero de 2013 sufri\u00f3 una descompensaci\u00f3n y fue trasladado de urgencia al Sanatorio Otamendi donde le hicieron una angioplastia. Sin embargo, falleci\u00f3 al otro d\u00eda y fue sepultado en el Cementerio de la Chacarita.<\/p>\n\n\n\n<p>Diez a\u00f1os m\u00e1s tarde, sus restos fueron cremados y luego esparcidos en uno de sus lugares favoritos y donde era habitu\u00e9. As\u00ed titul\u00f3 el portal <em><strong>deturfunpoco.com<\/strong><\/em> la noticia: <a href=\"https:\/\/deturfunpoco.com\/deturf\/2023\/04\/04\/guillermo-nimo-a-10-anos-de-su-muerte-ya-vive-en-palermo\/\" rel=\"noreferrer noopener\" target=\"_blank\"><em>\u201cGuillermo Nimo, a 10 a\u00f1os de su muerte, ya vive en Palermo\u201d<\/em><\/a><em>.<\/em> Y la periodista Constanza Pulgar escribi\u00f3 el 4 de abril de 2023: \u201cUn martes nublado, silencioso pero lleno de afecto y recuerdos, se vivi\u00f3 este mediod\u00eda en la Villa H\u00edpica de Palermo. Justo en el cruce de la recta y el codo se reunieron el doctor Guillermo Patricio Guglielmetti, Julio El Ahmed y Fabi\u00e1n Acosta a homenajear y despedir las cenizas del memorable Guillermo Nimo, <em>turfman <\/em>de cepa y de alma. Hoy sus cenizas descansan sobre la rubia arena palermitana, por all\u00e1 por los 1000 fusion\u00e1ndose con lo que m\u00e1s amaba. A continuaci\u00f3n comparto el informe que nos hizo llegar su amigo y abogado\u201d.<\/p>\n\n\n\n<p>El texto en el que Guglielmetti desped\u00eda a su fiel ladero y compinche rezaba: \u201c<strong>Hace 10 a\u00f1os falleci\u00f3 el ex \u00e1rbitro Guillermo Nimo, a los 80 a\u00f1os, en la ciudad de Buenos Aires<\/strong>. El 12 de enero de 2023 se cumpli\u00f3 una d\u00e9cada de su fallecimiento. Sus restos descansaban en el Cementerio de la Chacarita donde recientemente fueron cremados por quien fuera su conviviente Gladys Hern\u00e1ndez y uno de sus fieles amigos, Julio El Ahmed -con la autorizaci\u00f3n de su \u00fanico hijo Guillermo Daniel, residente desde hace d\u00e9cadas en los Estados Unidos-. Le gustaba llamarse <em>\u2018opin\u00f3logo\u2019<\/em> en lugar de periodista. Sus estridencias se notaban, incluso, en la forma de vestir: sol\u00eda apelar a anteojos grandilocuentes, anillos y su cl\u00e1sica boquilla. \u00c1rbitro pero, sobre todo, showman, jam\u00e1s pas\u00f3 inadvertido. Nunca. Ten\u00eda un estilo inconfundible. Su otra pasi\u00f3n,<strong> el turf, lo mantuvo latente hasta d\u00edas antes de dejarnos. <\/strong>Y esa actividad y amor por el turf siempre la desarroll\u00f3 en el Hip\u00f3dromo de Palermo, donde compart\u00eda con numerosos amigos que hoy lo recuerdan. Su \u00faltima incursi\u00f3n televisiva hab\u00eda sido a principios de 2012 en el programa <em>El show del f\u00fatbol<\/em>, que conduc\u00eda Alejandro Fantino donde reflot\u00f3 su cl\u00e1sica muletilla: <em>\u2018\u00a1Por lo menos as\u00ed lo veo yo!\u2019<\/em>\u201d.<\/p>\n\n\n<div class=\"wp-block-image\">\n<figure class=\"aligncenter is-resized\"><img decoding=\"async\" src=\"https:\/\/resizer.glanacion.com\/resizer\/v2\/el-abogado-guillermo-patricio-guglielmetti-y-DPTSIGPIIJGLPH46FGTV7JLIFY.jpg?auth=d9bd972404270fe0e98bd7ab92c132a5717a22c2dd583b2e83e58dfa681f379d&amp;width=420&amp;height=280&amp;quality=70&amp;smart=true\" alt=\"El abogado Guillermo Patricio Guglielmetti  y Julio El Ahmed\u00a0cumplen la solemne promesa que le hicieron a Nimo\" style=\"width:728px;height:auto\"\/><figcaption class=\"wp-element-caption\">El abogado Guillermo Patricio Guglielmetti y Julio El Ahmed&nbsp;cumplen la solemne promesa que le hicieron a Nimo &#8211; Foto: Constanza Pulgar<\/figcaption><\/figure>\n<\/div>\n\n\n<p>Y la redactora complet\u00f3 as\u00ed el informe: \u201c<strong>Se cierra un ciclo.<\/strong> Hab\u00eda sido su deseo que sus cenizas fueran esparcidas en las arenas palermitanas&#8230; Y precisamente en una ceremonia \u00edntima fueron sus amigos, Julio El Ahmed, Roberto Viola, Antonio Carella y Guillermo Guglielmetti, junto a Gladys Hern\u00e1ndez quienes se encargaron de cumplirlo. Guillermo Nimo, aquel personaje inolvidable para varias generaciones que sin duda hoy lo recordar\u00e1n con la simpat\u00eda que despertaban sus ocurrentes opiniones medi\u00e1ticas en torno al futbol y a los pron\u00f3sticos turf\u00edsticos con su inefable asesor Pirincho, ya se encuentra en Palermo\u201d.<\/p>\n\n\n\n<p>Por <a href=\"https:\/\/www.lanacion.com.ar\/espectaculos\/protagonizo-una-de-las-polemicas-mas-recordadas-irrumpio-en-la-tv-y-a-10-anos-de-su-muerte-se-le-nid16072025\/\" target=\"_blank\" rel=\"noreferrer noopener\"><strong>Miguel Braillard<\/strong><\/a><\/p>\n\n\n\n<p class=\"has-text-align-right\">By: Constanza Pulgar \u2013 De Turf Un Poco<\/p>\n\n\n\n<figure class=\"wp-block-image\"><a href=\"https:\/\/www.la-fusta.com.ar\/\" target=\"_blank\" rel=\"noreferrer noopener\"><img decoding=\"async\" width=\"800\" height=\"150\" src=\"https:\/\/deturfunpoco.com\/deturf\/wp-content\/uploads\/2025\/06\/la-fusta-banner-notas.png\" alt=\"\" class=\"wp-image-12037\" srcset=\"https:\/\/deturfunpoco.com\/deturf\/wp-content\/uploads\/2025\/06\/la-fusta-banner-notas.png 800w, https:\/\/deturfunpoco.com\/deturf\/wp-content\/uploads\/2025\/06\/la-fusta-banner-notas-300x56.png 300w, https:\/\/deturfunpoco.com\/deturf\/wp-content\/uploads\/2025\/06\/la-fusta-banner-notas-768x144.png 768w\" sizes=\"(max-width: 800px) 100vw, 800px\" \/><\/a><figcaption class=\"wp-element-caption\">Talabarteria La Fusta<\/figcaption><\/figure>\n\n\n\n<figure class=\"wp-block-image\"><a href=\"https:\/\/harasdonteodoro.com\/\" target=\"_blank\" rel=\"noreferrer noopener\"><img decoding=\"async\" width=\"800\" height=\"140\" src=\"https:\/\/deturfunpoco.com\/deturf\/wp-content\/uploads\/2024\/01\/BANNER-DST.png\" alt=\"\" class=\"wp-image-11040\" srcset=\"https:\/\/deturfunpoco.com\/deturf\/wp-content\/uploads\/2024\/01\/BANNER-DST.png 800w, https:\/\/deturfunpoco.com\/deturf\/wp-content\/uploads\/2024\/01\/BANNER-DST-300x53.png 300w, https:\/\/deturfunpoco.com\/deturf\/wp-content\/uploads\/2024\/01\/BANNER-DST-768x134.png 768w\" sizes=\"(max-width: 800px) 100vw, 800px\" \/><\/a><figcaption class=\"wp-element-caption\">Haras Don Teodoro<\/figcaption><\/figure>\n\n\n\n<figure class=\"wp-block-image\"><a href=\"https:\/\/deturfunpoco.com\/deturf\/2025\/04\/27\/somos-palermo\/\" target=\"_blank\" rel=\"noreferrer noopener\"><img decoding=\"async\" width=\"1024\" height=\"192\" src=\"https:\/\/deturfunpoco.com\/deturf\/wp-content\/uploads\/2025\/04\/de-turf-un-poco_800x150-1024x192.jpg\" alt=\"\" class=\"wp-image-11955\" srcset=\"https:\/\/deturfunpoco.com\/deturf\/wp-content\/uploads\/2025\/04\/de-turf-un-poco_800x150-1024x192.jpg 1024w, https:\/\/deturfunpoco.com\/deturf\/wp-content\/uploads\/2025\/04\/de-turf-un-poco_800x150-300x56.jpg 300w, https:\/\/deturfunpoco.com\/deturf\/wp-content\/uploads\/2025\/04\/de-turf-un-poco_800x150-768x144.jpg 768w, https:\/\/deturfunpoco.com\/deturf\/wp-content\/uploads\/2025\/04\/de-turf-un-poco_800x150-1536x287.jpg 1536w, https:\/\/deturfunpoco.com\/deturf\/wp-content\/uploads\/2025\/04\/de-turf-un-poco_800x150.jpg 1667w\" sizes=\"(max-width: 1024px) 100vw, 1024px\" \/><\/a><figcaption class=\"wp-element-caption\">Hip\u00f3dromo de Palermo<\/figcaption><\/figure>\n\n\n\n<figure class=\"wp-block-image\"><a href=\"http:\/\/www.aphara.org.ar\/\" target=\"_blank\" rel=\"noreferrer noopener\"><img decoding=\"async\" width=\"1024\" height=\"129\" src=\"https:\/\/deturfunpoco.com\/deturf\/wp-content\/uploads\/2024\/01\/banner-aphara-1028x180-1-1-1536x193-1-scaled-1.jpg\" alt=\"\" class=\"wp-image-10965\" srcset=\"https:\/\/deturfunpoco.com\/deturf\/wp-content\/uploads\/2024\/01\/banner-aphara-1028x180-1-1-1536x193-1-scaled-1.jpg 1024w, https:\/\/deturfunpoco.com\/deturf\/wp-content\/uploads\/2024\/01\/banner-aphara-1028x180-1-1-1536x193-1-scaled-1-300x38.jpg 300w, https:\/\/deturfunpoco.com\/deturf\/wp-content\/uploads\/2024\/01\/banner-aphara-1028x180-1-1-1536x193-1-scaled-1-768x97.jpg 768w\" sizes=\"(max-width: 1024px) 100vw, 1024px\" \/><\/a><figcaption class=\"wp-element-caption\">Asociaci\u00f3n del Personal de Hip\u00f3dromos, Agencias, Apuestas y Afines de la Rep\u00fablica Argentina<\/figcaption><\/figure>\n\n\n\n<figure class=\"wp-block-image\"><a href=\"https:\/\/utta.org.ar\/\" target=\"_blank\" rel=\"noreferrer noopener\"><img decoding=\"async\" width=\"728\" height=\"90\" src=\"https:\/\/deturfunpoco.com\/deturf\/wp-content\/uploads\/2022\/11\/banner-ospat.jpg\" alt=\"\" class=\"wp-image-9298\" srcset=\"https:\/\/deturfunpoco.com\/deturf\/wp-content\/uploads\/2022\/11\/banner-ospat.jpg 728w, https:\/\/deturfunpoco.com\/deturf\/wp-content\/uploads\/2022\/11\/banner-ospat-300x37.jpg 300w, https:\/\/deturfunpoco.com\/deturf\/wp-content\/uploads\/2022\/11\/banner-ospat-720x90.jpg 720w\" sizes=\"(max-width: 728px) 100vw, 728px\" \/><\/a><figcaption class=\"wp-element-caption\">Obra Social del Personal de la Actividad del Turf \/ Uni\u00f3n de Trabajadores del Turf y Afines<\/figcaption><\/figure>\n\n\n\n<figure class=\"wp-block-image\"><a href=\"https:\/\/wa.me\/+5491150409936\" target=\"_blank\" rel=\"noreferrer noopener\"><img decoding=\"async\" width=\"1024\" height=\"129\" src=\"https:\/\/deturfunpoco.com\/deturf\/wp-content\/uploads\/2024\/01\/FOTOS-DIGITALES.png\" alt=\"\" class=\"wp-image-11042\" srcset=\"https:\/\/deturfunpoco.com\/deturf\/wp-content\/uploads\/2024\/01\/FOTOS-DIGITALES.png 1024w, https:\/\/deturfunpoco.com\/deturf\/wp-content\/uploads\/2024\/01\/FOTOS-DIGITALES-300x38.png 300w, https:\/\/deturfunpoco.com\/deturf\/wp-content\/uploads\/2024\/01\/FOTOS-DIGITALES-768x97.png 768w\" sizes=\"(max-width: 1024px) 100vw, 1024px\" \/><\/a><figcaption class=\"wp-element-caption\">De Turf Un Poco<\/figcaption><\/figure>\n\n\n\n<figure class=\"wp-block-image\"><a href=\"https:\/\/www.harasmasama.com.ar\/\" target=\"_blank\" rel=\"noreferrer noopener\"><img decoding=\"async\" width=\"800\" height=\"150\" src=\"https:\/\/deturfunpoco.com\/deturf\/wp-content\/uploads\/2025\/04\/Stud-J.C.V.-Sta-Fe7.png\" alt=\"\" class=\"wp-image-11827\" srcset=\"https:\/\/deturfunpoco.com\/deturf\/wp-content\/uploads\/2025\/04\/Stud-J.C.V.-Sta-Fe7.png 800w, https:\/\/deturfunpoco.com\/deturf\/wp-content\/uploads\/2025\/04\/Stud-J.C.V.-Sta-Fe7-300x56.png 300w, https:\/\/deturfunpoco.com\/deturf\/wp-content\/uploads\/2025\/04\/Stud-J.C.V.-Sta-Fe7-768x144.png 768w\" sizes=\"(max-width: 800px) 100vw, 800px\" \/><\/a><figcaption class=\"wp-element-caption\">Haras Masama<\/figcaption><\/figure>\n\n\n\n<figure class=\"wp-block-image\"><img decoding=\"async\" width=\"800\" height=\"150\" src=\"https:\/\/deturfunpoco.com\/deturf\/wp-content\/uploads\/2024\/08\/Stud-J.C.V.-Sta-Fe5.png\" alt=\"\" class=\"wp-image-11538\" srcset=\"https:\/\/deturfunpoco.com\/deturf\/wp-content\/uploads\/2024\/08\/Stud-J.C.V.-Sta-Fe5.png 800w, https:\/\/deturfunpoco.com\/deturf\/wp-content\/uploads\/2024\/08\/Stud-J.C.V.-Sta-Fe5-300x56.png 300w, https:\/\/deturfunpoco.com\/deturf\/wp-content\/uploads\/2024\/08\/Stud-J.C.V.-Sta-Fe5-768x144.png 768w\" sizes=\"(max-width: 800px) 100vw, 800px\" \/><figcaption class=\"wp-element-caption\">Asociaci\u00f3n Gremial Profesionales del Turf&nbsp;<\/figcaption><\/figure>\n\n\n\n<figure class=\"wp-block-image\"><img decoding=\"async\" width=\"800\" height=\"150\" src=\"https:\/\/deturfunpoco.com\/deturf\/wp-content\/uploads\/2024\/08\/Stud-Juan-Antonio.png\" alt=\"\" class=\"wp-image-11493\" srcset=\"https:\/\/deturfunpoco.com\/deturf\/wp-content\/uploads\/2024\/08\/Stud-Juan-Antonio.png 800w, https:\/\/deturfunpoco.com\/deturf\/wp-content\/uploads\/2024\/08\/Stud-Juan-Antonio-300x56.png 300w, https:\/\/deturfunpoco.com\/deturf\/wp-content\/uploads\/2024\/08\/Stud-Juan-Antonio-768x144.png 768w\" sizes=\"(max-width: 800px) 100vw, 800px\" \/><figcaption class=\"wp-element-caption\">Haras \/ Stud Juan Antonio<\/figcaption><\/figure>\n\n\n\n<figure class=\"wp-block-image\"><img decoding=\"async\" width=\"800\" height=\"140\" src=\"https:\/\/deturfunpoco.com\/deturf\/wp-content\/uploads\/2023\/07\/Haras-San-Benito4.png\" alt=\"\" class=\"wp-image-10374\" srcset=\"https:\/\/deturfunpoco.com\/deturf\/wp-content\/uploads\/2023\/07\/Haras-San-Benito4.png 800w, https:\/\/deturfunpoco.com\/deturf\/wp-content\/uploads\/2023\/07\/Haras-San-Benito4-300x53.png 300w, https:\/\/deturfunpoco.com\/deturf\/wp-content\/uploads\/2023\/07\/Haras-San-Benito4-768x134.png 768w\" sizes=\"(max-width: 800px) 100vw, 800px\" \/><figcaption class=\"wp-element-caption\">Haras San Benito<\/figcaption><\/figure>\n\n\n\n<figure class=\"wp-block-image\"><a href=\"https:\/\/www.instagram.com\/harasdonflorentino\/\" target=\"_blank\" rel=\"noreferrer noopener\"><img decoding=\"async\" width=\"728\" height=\"90\" src=\"https:\/\/deturfunpoco.com\/deturf\/wp-content\/uploads\/2022\/11\/banner-donflorentino2.jpg\" alt=\"\" class=\"wp-image-9297\" srcset=\"https:\/\/deturfunpoco.com\/deturf\/wp-content\/uploads\/2022\/11\/banner-donflorentino2.jpg 728w, https:\/\/deturfunpoco.com\/deturf\/wp-content\/uploads\/2022\/11\/banner-donflorentino2-300x37.jpg 300w, https:\/\/deturfunpoco.com\/deturf\/wp-content\/uploads\/2022\/11\/banner-donflorentino2-720x90.jpg 720w\" sizes=\"(max-width: 728px) 100vw, 728px\" \/><\/a><figcaption class=\"wp-element-caption\">Haras Don Florentino<\/figcaption><\/figure>\n\n\n\n<figure class=\"wp-block-image\"><img decoding=\"async\" width=\"1024\" height=\"341\" src=\"https:\/\/deturfunpoco.com\/deturf\/wp-content\/uploads\/2025\/01\/hsi-verano-25-1024x341.jpg\" alt=\"\" class=\"wp-image-11752\" srcset=\"https:\/\/deturfunpoco.com\/deturf\/wp-content\/uploads\/2025\/01\/hsi-verano-25-1024x341.jpg 1024w, https:\/\/deturfunpoco.com\/deturf\/wp-content\/uploads\/2025\/01\/hsi-verano-25-300x100.jpg 300w, https:\/\/deturfunpoco.com\/deturf\/wp-content\/uploads\/2025\/01\/hsi-verano-25-768x256.jpg 768w, https:\/\/deturfunpoco.com\/deturf\/wp-content\/uploads\/2025\/01\/hsi-verano-25-1536x512.jpg 1536w, https:\/\/deturfunpoco.com\/deturf\/wp-content\/uploads\/2025\/01\/hsi-verano-25-2048x683.jpg 2048w\" sizes=\"(max-width: 1024px) 100vw, 1024px\" \/><figcaption class=\"wp-element-caption\">Hip\u00f3dromo de San Isidro<\/figcaption><\/figure>\n\n\n\n<p><a href=\"https:\/\/www.lanacion.com.ar\/tema\/celebridades-tid68242\/\"><\/a><\/p>\n","protected":false},"excerpt":{"rendered":"<p>Se defin\u00eda como cr\u00edtico, mostraba el lujo con el que se vest\u00eda y se dio<\/p>\n","protected":false},"author":1,"featured_media":12163,"comment_status":"closed","ping_status":"closed","sticky":false,"template":"","format":"standard","meta":{"iawp_total_views":33,"footnotes":""},"categories":[1,4,3],"tags":[],"class_list":["post-12162","post","type-post","status-publish","format-standard","has-post-thumbnail","hentry","category-deturfunpoco","category-sociales","category-turf"],"_links":{"self":[{"href":"https:\/\/deturfunpoco.com\/deturf\/wp-json\/wp\/v2\/posts\/12162","targetHints":{"allow":["GET"]}}],"collection":[{"href":"https:\/\/deturfunpoco.com\/deturf\/wp-json\/wp\/v2\/posts"}],"about":[{"href":"https:\/\/deturfunpoco.com\/deturf\/wp-json\/wp\/v2\/types\/post"}],"author":[{"embeddable":true,"href":"https:\/\/deturfunpoco.com\/deturf\/wp-json\/wp\/v2\/users\/1"}],"replies":[{"embeddable":true,"href":"https:\/\/deturfunpoco.com\/deturf\/wp-json\/wp\/v2\/comments?post=12162"}],"version-history":[{"count":3,"href":"https:\/\/deturfunpoco.com\/deturf\/wp-json\/wp\/v2\/posts\/12162\/revisions"}],"predecessor-version":[{"id":12166,"href":"https:\/\/deturfunpoco.com\/deturf\/wp-json\/wp\/v2\/posts\/12162\/revisions\/12166"}],"wp:featuredmedia":[{"embeddable":true,"href":"https:\/\/deturfunpoco.com\/deturf\/wp-json\/wp\/v2\/media\/12163"}],"wp:attachment":[{"href":"https:\/\/deturfunpoco.com\/deturf\/wp-json\/wp\/v2\/media?parent=12162"}],"wp:term":[{"taxonomy":"category","embeddable":true,"href":"https:\/\/deturfunpoco.com\/deturf\/wp-json\/wp\/v2\/categories?post=12162"},{"taxonomy":"post_tag","embeddable":true,"href":"https:\/\/deturfunpoco.com\/deturf\/wp-json\/wp\/v2\/tags?post=12162"}],"curies":[{"name":"wp","href":"https:\/\/api.w.org\/{rel}","templated":true}]}}