{"id":12173,"date":"2025-08-02T00:04:49","date_gmt":"2025-08-02T00:04:49","guid":{"rendered":"https:\/\/deturfunpoco.com\/deturf\/?p=12173"},"modified":"2025-08-02T00:04:50","modified_gmt":"2025-08-02T00:04:50","slug":"achtung-y-la-carrera-que-fue-mucho-mas-que-un-triunfo","status":"publish","type":"post","link":"https:\/\/deturfunpoco.com\/deturf\/2025\/08\/02\/achtung-y-la-carrera-que-fue-mucho-mas-que-un-triunfo\/","title":{"rendered":"ACHTUNG y la carrera que fue mucho m\u00e1s que un triunfo"},"content":{"rendered":"\n<p class=\"has-text-align-right\">Gran Premio de Madrid \u2013 30 de junio de 2013<\/p>\n\n\n\n<p>En la edici\u00f3n n\u00famero 78 del Gran Premio de Madrid, nadie hablaba de Achtung. Pagaba 40 a 1. Corr\u00eda, pero no estaba en la conversaci\u00f3n.<\/p>\n\n\n\n<figure class=\"wp-block-embed is-type-video is-provider-youtube wp-block-embed-youtube wp-embed-aspect-16-9 wp-has-aspect-ratio\"><div class=\"wp-block-embed__wrapper\">\n<iframe title=\"La Zarzuela 30-06-2013 (Gran Premio de Madrid) ACHTUNG (Turfeiros Galegos)\" width=\"640\" height=\"360\" src=\"https:\/\/www.youtube.com\/embed\/1WRF4VJA5eo?feature=oembed\" frameborder=\"0\" allow=\"accelerometer; autoplay; clipboard-write; encrypted-media; gyroscope; picture-in-picture; web-share\" referrerpolicy=\"strict-origin-when-cross-origin\" allowfullscreen><\/iframe>\n<\/div><\/figure>\n\n\n\n<p>Lo que pocos sab\u00edan es que, horas antes de largar, su entrenador, Roberto L\u00f3pez, hab\u00eda muerto en un hospital de Madrid. Ten\u00eda 42 a\u00f1os y peleaba una leucemia. Hasta el \u00faltimo d\u00eda dirigi\u00f3 sus caballos desde la cl\u00ednica. No quiso bajarse de nada.<\/p>\n\n\n\n<figure class=\"wp-block-image size-full\"><img decoding=\"async\" width=\"1024\" height=\"1024\" src=\"https:\/\/deturfunpoco.com\/deturf\/wp-content\/uploads\/2025\/08\/roberto_lopez_achtung_1024.png\" alt=\"\" class=\"wp-image-12175\" srcset=\"https:\/\/deturfunpoco.com\/deturf\/wp-content\/uploads\/2025\/08\/roberto_lopez_achtung_1024.png 1024w, https:\/\/deturfunpoco.com\/deturf\/wp-content\/uploads\/2025\/08\/roberto_lopez_achtung_1024-300x300.png 300w, https:\/\/deturfunpoco.com\/deturf\/wp-content\/uploads\/2025\/08\/roberto_lopez_achtung_1024-150x150.png 150w, https:\/\/deturfunpoco.com\/deturf\/wp-content\/uploads\/2025\/08\/roberto_lopez_achtung_1024-768x768.png 768w\" sizes=\"(max-width: 1024px) 100vw, 1024px\" \/><\/figure>\n\n\n\n<p>Achtung larg\u00f3 \u00faltimo. Y en la recta final pas\u00f3 a todos. Gan\u00f3 por medio cuerpo. La gente en la tribuna rompi\u00f3 en aplausos, pero tambi\u00e9n en l\u00e1grimas. El jockey Marino Gomes alz\u00f3 el brazo y lo se\u00f1al\u00f3 al cielo. Ese caballo hab\u00eda corrido por los dos.<\/p>\n\n\n\n<p>Un mes despu\u00e9s, Achtung dio positivo por una sustancia prohibida y fue descalificado. Pero la historia ya se hab\u00eda contado sola.<\/p>\n\n\n\n<p>Lo que pas\u00f3 ese d\u00eda no se borra del turf. Qued\u00f3.<\/p>\n\n\n\n<p><br>\ud83d\udcf0 Fuentes: El Pa\u00eds, RTVE, El Confidencial<\/p>\n\n\n\n<p class=\"has-text-align-right\">By: Constanza Pulgar \u2013 De Turf Un Poco<\/p>\n\n\n\n<figure class=\"wp-block-image\"><a href=\"https:\/\/www.la-fusta.com.ar\/\" target=\"_blank\" rel=\"noreferrer noopener\"><img decoding=\"async\" width=\"800\" height=\"150\" src=\"https:\/\/deturfunpoco.com\/deturf\/wp-content\/uploads\/2025\/06\/la-fusta-banner-notas.png\" alt=\"\" class=\"wp-image-12037\" srcset=\"https:\/\/deturfunpoco.com\/deturf\/wp-content\/uploads\/2025\/06\/la-fusta-banner-notas.png 800w, https:\/\/deturfunpoco.com\/deturf\/wp-content\/uploads\/2025\/06\/la-fusta-banner-notas-300x56.png 300w, https:\/\/deturfunpoco.com\/deturf\/wp-content\/uploads\/2025\/06\/la-fusta-banner-notas-768x144.png 768w\" sizes=\"(max-width: 800px) 100vw, 800px\" \/><\/a><figcaption class=\"wp-element-caption\">Talabarteria La Fusta<\/figcaption><\/figure>\n\n\n\n<figure class=\"wp-block-image\"><a href=\"https:\/\/harasdonteodoro.com\/\" target=\"_blank\" rel=\"noreferrer noopener\"><img decoding=\"async\" width=\"800\" height=\"140\" src=\"https:\/\/deturfunpoco.com\/deturf\/wp-content\/uploads\/2024\/01\/BANNER-DST.png\" alt=\"\" class=\"wp-image-11040\" srcset=\"https:\/\/deturfunpoco.com\/deturf\/wp-content\/uploads\/2024\/01\/BANNER-DST.png 800w, https:\/\/deturfunpoco.com\/deturf\/wp-content\/uploads\/2024\/01\/BANNER-DST-300x53.png 300w, https:\/\/deturfunpoco.com\/deturf\/wp-content\/uploads\/2024\/01\/BANNER-DST-768x134.png 768w\" sizes=\"(max-width: 800px) 100vw, 800px\" \/><\/a><figcaption class=\"wp-element-caption\">Haras Don Teodoro<\/figcaption><\/figure>\n\n\n\n<figure class=\"wp-block-image\"><a href=\"https:\/\/deturfunpoco.com\/deturf\/2025\/04\/27\/somos-palermo\/\" target=\"_blank\" rel=\"noreferrer noopener\"><img decoding=\"async\" width=\"1024\" height=\"192\" src=\"https:\/\/deturfunpoco.com\/deturf\/wp-content\/uploads\/2025\/04\/de-turf-un-poco_800x150-1024x192.jpg\" alt=\"\" class=\"wp-image-11955\" srcset=\"https:\/\/deturfunpoco.com\/deturf\/wp-content\/uploads\/2025\/04\/de-turf-un-poco_800x150-1024x192.jpg 1024w, https:\/\/deturfunpoco.com\/deturf\/wp-content\/uploads\/2025\/04\/de-turf-un-poco_800x150-300x56.jpg 300w, https:\/\/deturfunpoco.com\/deturf\/wp-content\/uploads\/2025\/04\/de-turf-un-poco_800x150-768x144.jpg 768w, https:\/\/deturfunpoco.com\/deturf\/wp-content\/uploads\/2025\/04\/de-turf-un-poco_800x150-1536x287.jpg 1536w, https:\/\/deturfunpoco.com\/deturf\/wp-content\/uploads\/2025\/04\/de-turf-un-poco_800x150.jpg 1667w\" sizes=\"(max-width: 1024px) 100vw, 1024px\" \/><\/a><figcaption class=\"wp-element-caption\">Hip\u00f3dromo de Palermo<\/figcaption><\/figure>\n\n\n\n<figure class=\"wp-block-image\"><a href=\"http:\/\/www.aphara.org.ar\/\" target=\"_blank\" rel=\"noreferrer noopener\"><img decoding=\"async\" width=\"1024\" height=\"129\" src=\"https:\/\/deturfunpoco.com\/deturf\/wp-content\/uploads\/2024\/01\/banner-aphara-1028x180-1-1-1536x193-1-scaled-1.jpg\" alt=\"\" class=\"wp-image-10965\" srcset=\"https:\/\/deturfunpoco.com\/deturf\/wp-content\/uploads\/2024\/01\/banner-aphara-1028x180-1-1-1536x193-1-scaled-1.jpg 1024w, https:\/\/deturfunpoco.com\/deturf\/wp-content\/uploads\/2024\/01\/banner-aphara-1028x180-1-1-1536x193-1-scaled-1-300x38.jpg 300w, https:\/\/deturfunpoco.com\/deturf\/wp-content\/uploads\/2024\/01\/banner-aphara-1028x180-1-1-1536x193-1-scaled-1-768x97.jpg 768w\" sizes=\"(max-width: 1024px) 100vw, 1024px\" \/><\/a><figcaption class=\"wp-element-caption\">Asociaci\u00f3n del Personal de Hip\u00f3dromos, Agencias, Apuestas y Afines de la Rep\u00fablica Argentina<\/figcaption><\/figure>\n\n\n\n<figure class=\"wp-block-image\"><a href=\"https:\/\/utta.org.ar\/\" target=\"_blank\" rel=\"noreferrer noopener\"><img decoding=\"async\" width=\"728\" height=\"90\" src=\"https:\/\/deturfunpoco.com\/deturf\/wp-content\/uploads\/2022\/11\/banner-ospat.jpg\" alt=\"\" class=\"wp-image-9298\" srcset=\"https:\/\/deturfunpoco.com\/deturf\/wp-content\/uploads\/2022\/11\/banner-ospat.jpg 728w, https:\/\/deturfunpoco.com\/deturf\/wp-content\/uploads\/2022\/11\/banner-ospat-300x37.jpg 300w, https:\/\/deturfunpoco.com\/deturf\/wp-content\/uploads\/2022\/11\/banner-ospat-720x90.jpg 720w\" sizes=\"(max-width: 728px) 100vw, 728px\" \/><\/a><figcaption class=\"wp-element-caption\">Obra Social del Personal de la Actividad del Turf \/ Uni\u00f3n de Trabajadores del Turf y Afines<\/figcaption><\/figure>\n\n\n\n<figure class=\"wp-block-image\"><a href=\"https:\/\/wa.me\/+5491150409936\" target=\"_blank\" rel=\"noreferrer noopener\"><img decoding=\"async\" width=\"1024\" height=\"129\" src=\"https:\/\/deturfunpoco.com\/deturf\/wp-content\/uploads\/2024\/01\/FOTOS-DIGITALES.png\" alt=\"\" class=\"wp-image-11042\" srcset=\"https:\/\/deturfunpoco.com\/deturf\/wp-content\/uploads\/2024\/01\/FOTOS-DIGITALES.png 1024w, https:\/\/deturfunpoco.com\/deturf\/wp-content\/uploads\/2024\/01\/FOTOS-DIGITALES-300x38.png 300w, https:\/\/deturfunpoco.com\/deturf\/wp-content\/uploads\/2024\/01\/FOTOS-DIGITALES-768x97.png 768w\" sizes=\"(max-width: 1024px) 100vw, 1024px\" \/><\/a><figcaption class=\"wp-element-caption\">De Turf Un Poco<\/figcaption><\/figure>\n\n\n\n<figure class=\"wp-block-image\"><a href=\"https:\/\/www.harasmasama.com.ar\/\" target=\"_blank\" rel=\"noreferrer noopener\"><img decoding=\"async\" width=\"800\" height=\"150\" src=\"https:\/\/deturfunpoco.com\/deturf\/wp-content\/uploads\/2025\/04\/Stud-J.C.V.-Sta-Fe7.png\" alt=\"\" class=\"wp-image-11827\" srcset=\"https:\/\/deturfunpoco.com\/deturf\/wp-content\/uploads\/2025\/04\/Stud-J.C.V.-Sta-Fe7.png 800w, https:\/\/deturfunpoco.com\/deturf\/wp-content\/uploads\/2025\/04\/Stud-J.C.V.-Sta-Fe7-300x56.png 300w, https:\/\/deturfunpoco.com\/deturf\/wp-content\/uploads\/2025\/04\/Stud-J.C.V.-Sta-Fe7-768x144.png 768w\" sizes=\"(max-width: 800px) 100vw, 800px\" \/><\/a><figcaption class=\"wp-element-caption\">Haras Masama<\/figcaption><\/figure>\n\n\n\n<figure class=\"wp-block-image\"><img decoding=\"async\" width=\"800\" height=\"150\" src=\"https:\/\/deturfunpoco.com\/deturf\/wp-content\/uploads\/2024\/08\/Stud-J.C.V.-Sta-Fe5.png\" alt=\"\" class=\"wp-image-11538\" srcset=\"https:\/\/deturfunpoco.com\/deturf\/wp-content\/uploads\/2024\/08\/Stud-J.C.V.-Sta-Fe5.png 800w, https:\/\/deturfunpoco.com\/deturf\/wp-content\/uploads\/2024\/08\/Stud-J.C.V.-Sta-Fe5-300x56.png 300w, https:\/\/deturfunpoco.com\/deturf\/wp-content\/uploads\/2024\/08\/Stud-J.C.V.-Sta-Fe5-768x144.png 768w\" sizes=\"(max-width: 800px) 100vw, 800px\" \/><figcaption class=\"wp-element-caption\">Asociaci\u00f3n Gremial Profesionales del Turf&nbsp;<\/figcaption><\/figure>\n\n\n\n<figure class=\"wp-block-image\"><img decoding=\"async\" width=\"800\" height=\"150\" src=\"https:\/\/deturfunpoco.com\/deturf\/wp-content\/uploads\/2024\/08\/Stud-Juan-Antonio.png\" alt=\"\" class=\"wp-image-11493\" srcset=\"https:\/\/deturfunpoco.com\/deturf\/wp-content\/uploads\/2024\/08\/Stud-Juan-Antonio.png 800w, https:\/\/deturfunpoco.com\/deturf\/wp-content\/uploads\/2024\/08\/Stud-Juan-Antonio-300x56.png 300w, https:\/\/deturfunpoco.com\/deturf\/wp-content\/uploads\/2024\/08\/Stud-Juan-Antonio-768x144.png 768w\" sizes=\"(max-width: 800px) 100vw, 800px\" \/><figcaption class=\"wp-element-caption\">Haras \/ Stud Juan Antonio<\/figcaption><\/figure>\n\n\n\n<figure class=\"wp-block-image\"><img decoding=\"async\" width=\"800\" height=\"140\" src=\"https:\/\/deturfunpoco.com\/deturf\/wp-content\/uploads\/2023\/07\/Haras-San-Benito4.png\" alt=\"\" class=\"wp-image-10374\" srcset=\"https:\/\/deturfunpoco.com\/deturf\/wp-content\/uploads\/2023\/07\/Haras-San-Benito4.png 800w, https:\/\/deturfunpoco.com\/deturf\/wp-content\/uploads\/2023\/07\/Haras-San-Benito4-300x53.png 300w, https:\/\/deturfunpoco.com\/deturf\/wp-content\/uploads\/2023\/07\/Haras-San-Benito4-768x134.png 768w\" sizes=\"(max-width: 800px) 100vw, 800px\" \/><figcaption class=\"wp-element-caption\">Haras San Benito<\/figcaption><\/figure>\n\n\n\n<figure class=\"wp-block-image\"><a href=\"https:\/\/www.instagram.com\/harasdonflorentino\/\" target=\"_blank\" rel=\"noreferrer noopener\"><img decoding=\"async\" width=\"728\" height=\"90\" src=\"https:\/\/deturfunpoco.com\/deturf\/wp-content\/uploads\/2022\/11\/banner-donflorentino2.jpg\" alt=\"\" class=\"wp-image-9297\" srcset=\"https:\/\/deturfunpoco.com\/deturf\/wp-content\/uploads\/2022\/11\/banner-donflorentino2.jpg 728w, https:\/\/deturfunpoco.com\/deturf\/wp-content\/uploads\/2022\/11\/banner-donflorentino2-300x37.jpg 300w, https:\/\/deturfunpoco.com\/deturf\/wp-content\/uploads\/2022\/11\/banner-donflorentino2-720x90.jpg 720w\" sizes=\"(max-width: 728px) 100vw, 728px\" \/><\/a><figcaption class=\"wp-element-caption\">Haras Don Florentino<\/figcaption><\/figure>\n\n\n\n<figure class=\"wp-block-image\"><img decoding=\"async\" width=\"1024\" height=\"341\" src=\"https:\/\/deturfunpoco.com\/deturf\/wp-content\/uploads\/2025\/01\/hsi-verano-25-1024x341.jpg\" alt=\"\" class=\"wp-image-11752\" srcset=\"https:\/\/deturfunpoco.com\/deturf\/wp-content\/uploads\/2025\/01\/hsi-verano-25-1024x341.jpg 1024w, https:\/\/deturfunpoco.com\/deturf\/wp-content\/uploads\/2025\/01\/hsi-verano-25-300x100.jpg 300w, https:\/\/deturfunpoco.com\/deturf\/wp-content\/uploads\/2025\/01\/hsi-verano-25-768x256.jpg 768w, https:\/\/deturfunpoco.com\/deturf\/wp-content\/uploads\/2025\/01\/hsi-verano-25-1536x512.jpg 1536w, https:\/\/deturfunpoco.com\/deturf\/wp-content\/uploads\/2025\/01\/hsi-verano-25-2048x683.jpg 2048w\" sizes=\"(max-width: 1024px) 100vw, 1024px\" \/><figcaption class=\"wp-element-caption\">Hip\u00f3dromo de San Isidro<\/figcaption><\/figure>\n","protected":false},"excerpt":{"rendered":"<p>Gran Premio de Madrid \u2013 30 de junio de 2013 En la edici\u00f3n n\u00famero 78<\/p>\n","protected":false},"author":1,"featured_media":12174,"comment_status":"closed","ping_status":"closed","sticky":false,"template":"","format":"standard","meta":{"iawp_total_views":16,"footnotes":""},"categories":[5,1,799,4,3],"tags":[],"class_list":["post-12173","post","type-post","status-publish","format-standard","has-post-thumbnail","hentry","category-agenda","category-deturfunpoco","category-historias-de-nuestra-gente","category-sociales","category-turf"],"_links":{"self":[{"href":"https:\/\/deturfunpoco.com\/deturf\/wp-json\/wp\/v2\/posts\/12173","targetHints":{"allow":["GET"]}}],"collection":[{"href":"https:\/\/deturfunpoco.com\/deturf\/wp-json\/wp\/v2\/posts"}],"about":[{"href":"https:\/\/deturfunpoco.com\/deturf\/wp-json\/wp\/v2\/types\/post"}],"author":[{"embeddable":true,"href":"https:\/\/deturfunpoco.com\/deturf\/wp-json\/wp\/v2\/users\/1"}],"replies":[{"embeddable":true,"href":"https:\/\/deturfunpoco.com\/deturf\/wp-json\/wp\/v2\/comments?post=12173"}],"version-history":[{"count":1,"href":"https:\/\/deturfunpoco.com\/deturf\/wp-json\/wp\/v2\/posts\/12173\/revisions"}],"predecessor-version":[{"id":12176,"href":"https:\/\/deturfunpoco.com\/deturf\/wp-json\/wp\/v2\/posts\/12173\/revisions\/12176"}],"wp:featuredmedia":[{"embeddable":true,"href":"https:\/\/deturfunpoco.com\/deturf\/wp-json\/wp\/v2\/media\/12174"}],"wp:attachment":[{"href":"https:\/\/deturfunpoco.com\/deturf\/wp-json\/wp\/v2\/media?parent=12173"}],"wp:term":[{"taxonomy":"category","embeddable":true,"href":"https:\/\/deturfunpoco.com\/deturf\/wp-json\/wp\/v2\/categories?post=12173"},{"taxonomy":"post_tag","embeddable":true,"href":"https:\/\/deturfunpoco.com\/deturf\/wp-json\/wp\/v2\/tags?post=12173"}],"curies":[{"name":"wp","href":"https:\/\/api.w.org\/{rel}","templated":true}]}}