{"id":12186,"date":"2025-08-06T01:57:22","date_gmt":"2025-08-06T01:57:22","guid":{"rendered":"https:\/\/deturfunpoco.com\/deturf\/?p=12186"},"modified":"2025-08-06T21:25:00","modified_gmt":"2025-08-06T21:25:00","slug":"cambio-de-fechas-en-el-hipodromo-de-palermo","status":"publish","type":"post","link":"https:\/\/deturfunpoco.com\/deturf\/2025\/08\/06\/cambio-de-fechas-en-el-hipodromo-de-palermo\/","title":{"rendered":"Cambio de Fechas en el Hip\u00f3dromo de Palermo"},"content":{"rendered":"\n<p>Las autoridades del Hip\u00f3dromo de Palermo accedieron a la solicitud del Hip\u00f3dromo de San Isidro y del Hip\u00f3dromo de La Plata para realizar un intercambio de fechas en noviembre.<\/p>\n\n\n\n<p>Por lo tanto, las nuevas fechas de reuniones en el Hip\u00f3dromo de Palermo son el s\u00e1bado 15 y martes 18 de noviembre cediendo el domingo 16 y el jueves 20 al Hip\u00f3dromo de San Isidro y el viernes 21 a La Plata.<\/p>\n\n\n\n<p>Adem\u00e1s, recordamos que, tras un intercambio anterior con el Hip\u00f3dromo de La Plata, el domingo 31 de agosto hay carreras en Palermo (y no el 30 como estaba previsto).<\/p>\n\n\n\n<p>ac\u00e1 el calendario actualizado<\/p>\n\n\n\n<figure class=\"wp-block-image size-large\"><img decoding=\"async\" width=\"761\" height=\"1024\" src=\"https:\/\/deturfunpoco.com\/deturf\/wp-content\/uploads\/2025\/08\/WhatsApp-Image-2025-08-05-at-4.54.35-PM-761x1024.jpeg\" alt=\"\" class=\"wp-image-12187\" srcset=\"https:\/\/deturfunpoco.com\/deturf\/wp-content\/uploads\/2025\/08\/WhatsApp-Image-2025-08-05-at-4.54.35-PM-761x1024.jpeg 761w, https:\/\/deturfunpoco.com\/deturf\/wp-content\/uploads\/2025\/08\/WhatsApp-Image-2025-08-05-at-4.54.35-PM-223x300.jpeg 223w, https:\/\/deturfunpoco.com\/deturf\/wp-content\/uploads\/2025\/08\/WhatsApp-Image-2025-08-05-at-4.54.35-PM-768x1033.jpeg 768w, https:\/\/deturfunpoco.com\/deturf\/wp-content\/uploads\/2025\/08\/WhatsApp-Image-2025-08-05-at-4.54.35-PM-1141x1536.jpeg 1141w, https:\/\/deturfunpoco.com\/deturf\/wp-content\/uploads\/2025\/08\/WhatsApp-Image-2025-08-05-at-4.54.35-PM.jpeg 1189w\" sizes=\"(max-width: 761px) 100vw, 761px\" \/><\/figure>\n\n\n\n<p>Prensa Palermo<\/p>\n\n\n\n<p class=\"has-text-align-right\">By: Constanza Pulgar \u2013 De Turf Un Poco<\/p>\n\n\n\n<figure class=\"wp-block-image\"><a href=\"https:\/\/www.la-fusta.com.ar\/\" target=\"_blank\" rel=\"noreferrer noopener\"><img decoding=\"async\" width=\"800\" height=\"150\" src=\"https:\/\/deturfunpoco.com\/deturf\/wp-content\/uploads\/2025\/06\/la-fusta-banner-notas.png\" alt=\"\" class=\"wp-image-12037\" srcset=\"https:\/\/deturfunpoco.com\/deturf\/wp-content\/uploads\/2025\/06\/la-fusta-banner-notas.png 800w, https:\/\/deturfunpoco.com\/deturf\/wp-content\/uploads\/2025\/06\/la-fusta-banner-notas-300x56.png 300w, https:\/\/deturfunpoco.com\/deturf\/wp-content\/uploads\/2025\/06\/la-fusta-banner-notas-768x144.png 768w\" sizes=\"(max-width: 800px) 100vw, 800px\" \/><\/a><figcaption class=\"wp-element-caption\">Talabarteria La Fusta<\/figcaption><\/figure>\n\n\n\n<figure class=\"wp-block-image size-full\"><img decoding=\"async\" width=\"800\" height=\"150\" src=\"https:\/\/deturfunpoco.com\/deturf\/wp-content\/uploads\/2025\/08\/Stud-J.C.V.-Sta-Fe9.png\" alt=\"\" class=\"wp-image-12188\" srcset=\"https:\/\/deturfunpoco.com\/deturf\/wp-content\/uploads\/2025\/08\/Stud-J.C.V.-Sta-Fe9.png 800w, https:\/\/deturfunpoco.com\/deturf\/wp-content\/uploads\/2025\/08\/Stud-J.C.V.-Sta-Fe9-300x56.png 300w, https:\/\/deturfunpoco.com\/deturf\/wp-content\/uploads\/2025\/08\/Stud-J.C.V.-Sta-Fe9-768x144.png 768w\" sizes=\"(max-width: 800px) 100vw, 800px\" \/><figcaption class=\"wp-element-caption\">Stud Chanta (SI)<\/figcaption><\/figure>\n\n\n\n<figure class=\"wp-block-image\"><a href=\"https:\/\/harasdonteodoro.com\/\" target=\"_blank\" rel=\"noreferrer noopener\"><img decoding=\"async\" width=\"800\" height=\"140\" src=\"https:\/\/deturfunpoco.com\/deturf\/wp-content\/uploads\/2024\/01\/BANNER-DST.png\" alt=\"\" class=\"wp-image-11040\" srcset=\"https:\/\/deturfunpoco.com\/deturf\/wp-content\/uploads\/2024\/01\/BANNER-DST.png 800w, https:\/\/deturfunpoco.com\/deturf\/wp-content\/uploads\/2024\/01\/BANNER-DST-300x53.png 300w, https:\/\/deturfunpoco.com\/deturf\/wp-content\/uploads\/2024\/01\/BANNER-DST-768x134.png 768w\" sizes=\"(max-width: 800px) 100vw, 800px\" \/><\/a><figcaption class=\"wp-element-caption\">Haras Don Teodoro<\/figcaption><\/figure>\n\n\n\n<figure class=\"wp-block-image\"><a href=\"https:\/\/deturfunpoco.com\/deturf\/2025\/04\/27\/somos-palermo\/\" target=\"_blank\" rel=\"noreferrer noopener\"><img decoding=\"async\" width=\"1024\" height=\"192\" src=\"https:\/\/deturfunpoco.com\/deturf\/wp-content\/uploads\/2025\/04\/de-turf-un-poco_800x150-1024x192.jpg\" alt=\"\" class=\"wp-image-11955\" srcset=\"https:\/\/deturfunpoco.com\/deturf\/wp-content\/uploads\/2025\/04\/de-turf-un-poco_800x150-1024x192.jpg 1024w, https:\/\/deturfunpoco.com\/deturf\/wp-content\/uploads\/2025\/04\/de-turf-un-poco_800x150-300x56.jpg 300w, https:\/\/deturfunpoco.com\/deturf\/wp-content\/uploads\/2025\/04\/de-turf-un-poco_800x150-768x144.jpg 768w, https:\/\/deturfunpoco.com\/deturf\/wp-content\/uploads\/2025\/04\/de-turf-un-poco_800x150-1536x287.jpg 1536w, https:\/\/deturfunpoco.com\/deturf\/wp-content\/uploads\/2025\/04\/de-turf-un-poco_800x150.jpg 1667w\" sizes=\"(max-width: 1024px) 100vw, 1024px\" \/><\/a><figcaption class=\"wp-element-caption\">Hip\u00f3dromo de Palermo<\/figcaption><\/figure>\n\n\n\n<figure class=\"wp-block-image\"><a href=\"http:\/\/www.aphara.org.ar\/\" target=\"_blank\" rel=\"noreferrer noopener\"><img decoding=\"async\" width=\"1024\" height=\"129\" src=\"https:\/\/deturfunpoco.com\/deturf\/wp-content\/uploads\/2024\/01\/banner-aphara-1028x180-1-1-1536x193-1-scaled-1.jpg\" alt=\"\" class=\"wp-image-10965\" srcset=\"https:\/\/deturfunpoco.com\/deturf\/wp-content\/uploads\/2024\/01\/banner-aphara-1028x180-1-1-1536x193-1-scaled-1.jpg 1024w, https:\/\/deturfunpoco.com\/deturf\/wp-content\/uploads\/2024\/01\/banner-aphara-1028x180-1-1-1536x193-1-scaled-1-300x38.jpg 300w, https:\/\/deturfunpoco.com\/deturf\/wp-content\/uploads\/2024\/01\/banner-aphara-1028x180-1-1-1536x193-1-scaled-1-768x97.jpg 768w\" sizes=\"(max-width: 1024px) 100vw, 1024px\" \/><\/a><figcaption class=\"wp-element-caption\">Asociaci\u00f3n del Personal de Hip\u00f3dromos, Agencias, Apuestas y Afines de la Rep\u00fablica Argentina<\/figcaption><\/figure>\n\n\n\n<figure class=\"wp-block-image\"><a href=\"https:\/\/utta.org.ar\/\" target=\"_blank\" rel=\"noreferrer noopener\"><img decoding=\"async\" width=\"728\" height=\"90\" src=\"https:\/\/deturfunpoco.com\/deturf\/wp-content\/uploads\/2022\/11\/banner-ospat.jpg\" alt=\"\" class=\"wp-image-9298\" srcset=\"https:\/\/deturfunpoco.com\/deturf\/wp-content\/uploads\/2022\/11\/banner-ospat.jpg 728w, https:\/\/deturfunpoco.com\/deturf\/wp-content\/uploads\/2022\/11\/banner-ospat-300x37.jpg 300w, https:\/\/deturfunpoco.com\/deturf\/wp-content\/uploads\/2022\/11\/banner-ospat-720x90.jpg 720w\" sizes=\"(max-width: 728px) 100vw, 728px\" \/><\/a><figcaption class=\"wp-element-caption\">Obra Social del Personal de la Actividad del Turf \/ Uni\u00f3n de Trabajadores del Turf y Afines<\/figcaption><\/figure>\n\n\n\n<figure class=\"wp-block-image\"><a href=\"https:\/\/wa.me\/+5491150409936\" target=\"_blank\" rel=\"noreferrer noopener\"><img decoding=\"async\" width=\"1024\" height=\"129\" src=\"https:\/\/deturfunpoco.com\/deturf\/wp-content\/uploads\/2024\/01\/FOTOS-DIGITALES.png\" alt=\"\" class=\"wp-image-11042\" srcset=\"https:\/\/deturfunpoco.com\/deturf\/wp-content\/uploads\/2024\/01\/FOTOS-DIGITALES.png 1024w, https:\/\/deturfunpoco.com\/deturf\/wp-content\/uploads\/2024\/01\/FOTOS-DIGITALES-300x38.png 300w, https:\/\/deturfunpoco.com\/deturf\/wp-content\/uploads\/2024\/01\/FOTOS-DIGITALES-768x97.png 768w\" sizes=\"(max-width: 1024px) 100vw, 1024px\" \/><\/a><figcaption class=\"wp-element-caption\">De Turf Un Poco<\/figcaption><\/figure>\n\n\n\n<figure class=\"wp-block-image\"><img decoding=\"async\" width=\"800\" height=\"150\" src=\"https:\/\/deturfunpoco.com\/deturf\/wp-content\/uploads\/2024\/08\/Stud-J.C.V.-Sta-Fe5.png\" alt=\"\" class=\"wp-image-11538\" srcset=\"https:\/\/deturfunpoco.com\/deturf\/wp-content\/uploads\/2024\/08\/Stud-J.C.V.-Sta-Fe5.png 800w, https:\/\/deturfunpoco.com\/deturf\/wp-content\/uploads\/2024\/08\/Stud-J.C.V.-Sta-Fe5-300x56.png 300w, https:\/\/deturfunpoco.com\/deturf\/wp-content\/uploads\/2024\/08\/Stud-J.C.V.-Sta-Fe5-768x144.png 768w\" sizes=\"(max-width: 800px) 100vw, 800px\" \/><figcaption class=\"wp-element-caption\">Asociaci\u00f3n Gremial Profesionales del Turf&nbsp;<\/figcaption><\/figure>\n\n\n\n<figure class=\"wp-block-image\"><img decoding=\"async\" width=\"800\" height=\"150\" src=\"https:\/\/deturfunpoco.com\/deturf\/wp-content\/uploads\/2024\/08\/Stud-Juan-Antonio.png\" alt=\"\" class=\"wp-image-11493\" srcset=\"https:\/\/deturfunpoco.com\/deturf\/wp-content\/uploads\/2024\/08\/Stud-Juan-Antonio.png 800w, https:\/\/deturfunpoco.com\/deturf\/wp-content\/uploads\/2024\/08\/Stud-Juan-Antonio-300x56.png 300w, https:\/\/deturfunpoco.com\/deturf\/wp-content\/uploads\/2024\/08\/Stud-Juan-Antonio-768x144.png 768w\" sizes=\"(max-width: 800px) 100vw, 800px\" \/><figcaption class=\"wp-element-caption\">Haras \/ Stud Juan Antonio<\/figcaption><\/figure>\n\n\n\n<figure class=\"wp-block-image\"><img decoding=\"async\" width=\"800\" height=\"140\" src=\"https:\/\/deturfunpoco.com\/deturf\/wp-content\/uploads\/2023\/07\/Haras-San-Benito4.png\" alt=\"\" class=\"wp-image-10374\" srcset=\"https:\/\/deturfunpoco.com\/deturf\/wp-content\/uploads\/2023\/07\/Haras-San-Benito4.png 800w, https:\/\/deturfunpoco.com\/deturf\/wp-content\/uploads\/2023\/07\/Haras-San-Benito4-300x53.png 300w, https:\/\/deturfunpoco.com\/deturf\/wp-content\/uploads\/2023\/07\/Haras-San-Benito4-768x134.png 768w\" sizes=\"(max-width: 800px) 100vw, 800px\" \/><figcaption class=\"wp-element-caption\">Haras San Benito<\/figcaption><\/figure>\n\n\n\n<figure class=\"wp-block-image\"><a href=\"https:\/\/www.instagram.com\/harasdonflorentino\/\" target=\"_blank\" rel=\"noreferrer noopener\"><img decoding=\"async\" width=\"728\" height=\"90\" src=\"https:\/\/deturfunpoco.com\/deturf\/wp-content\/uploads\/2022\/11\/banner-donflorentino2.jpg\" alt=\"\" class=\"wp-image-9297\" srcset=\"https:\/\/deturfunpoco.com\/deturf\/wp-content\/uploads\/2022\/11\/banner-donflorentino2.jpg 728w, https:\/\/deturfunpoco.com\/deturf\/wp-content\/uploads\/2022\/11\/banner-donflorentino2-300x37.jpg 300w, https:\/\/deturfunpoco.com\/deturf\/wp-content\/uploads\/2022\/11\/banner-donflorentino2-720x90.jpg 720w\" sizes=\"(max-width: 728px) 100vw, 728px\" \/><\/a><figcaption class=\"wp-element-caption\">Haras Don Florentino<\/figcaption><\/figure>\n\n\n\n<figure class=\"wp-block-image\"><img decoding=\"async\" width=\"1024\" height=\"341\" src=\"https:\/\/deturfunpoco.com\/deturf\/wp-content\/uploads\/2025\/01\/hsi-verano-25-1024x341.jpg\" alt=\"\" class=\"wp-image-11752\" srcset=\"https:\/\/deturfunpoco.com\/deturf\/wp-content\/uploads\/2025\/01\/hsi-verano-25-1024x341.jpg 1024w, https:\/\/deturfunpoco.com\/deturf\/wp-content\/uploads\/2025\/01\/hsi-verano-25-300x100.jpg 300w, https:\/\/deturfunpoco.com\/deturf\/wp-content\/uploads\/2025\/01\/hsi-verano-25-768x256.jpg 768w, https:\/\/deturfunpoco.com\/deturf\/wp-content\/uploads\/2025\/01\/hsi-verano-25-1536x512.jpg 1536w, https:\/\/deturfunpoco.com\/deturf\/wp-content\/uploads\/2025\/01\/hsi-verano-25-2048x683.jpg 2048w\" sizes=\"(max-width: 1024px) 100vw, 1024px\" \/><figcaption class=\"wp-element-caption\">Hip\u00f3dromo de San Isidro<\/figcaption><\/figure>\n","protected":false},"excerpt":{"rendered":"<p>Las autoridades del Hip\u00f3dromo de Palermo accedieron a la solicitud del Hip\u00f3dromo de San Isidro<\/p>\n","protected":false},"author":1,"featured_media":12189,"comment_status":"closed","ping_status":"closed","sticky":false,"template":"","format":"standard","meta":{"iawp_total_views":35,"footnotes":""},"categories":[5,1,696,660,671,3],"tags":[],"class_list":["post-12186","post","type-post","status-publish","format-standard","has-post-thumbnail","hentry","category-agenda","category-deturfunpoco","category-hipodromo-de-la-plata-turf","category-hipodromo-de-palermo","category-hipodromo-de-san-isidro","category-turf"],"_links":{"self":[{"href":"https:\/\/deturfunpoco.com\/deturf\/wp-json\/wp\/v2\/posts\/12186","targetHints":{"allow":["GET"]}}],"collection":[{"href":"https:\/\/deturfunpoco.com\/deturf\/wp-json\/wp\/v2\/posts"}],"about":[{"href":"https:\/\/deturfunpoco.com\/deturf\/wp-json\/wp\/v2\/types\/post"}],"author":[{"embeddable":true,"href":"https:\/\/deturfunpoco.com\/deturf\/wp-json\/wp\/v2\/users\/1"}],"replies":[{"embeddable":true,"href":"https:\/\/deturfunpoco.com\/deturf\/wp-json\/wp\/v2\/comments?post=12186"}],"version-history":[{"count":2,"href":"https:\/\/deturfunpoco.com\/deturf\/wp-json\/wp\/v2\/posts\/12186\/revisions"}],"predecessor-version":[{"id":12191,"href":"https:\/\/deturfunpoco.com\/deturf\/wp-json\/wp\/v2\/posts\/12186\/revisions\/12191"}],"wp:featuredmedia":[{"embeddable":true,"href":"https:\/\/deturfunpoco.com\/deturf\/wp-json\/wp\/v2\/media\/12189"}],"wp:attachment":[{"href":"https:\/\/deturfunpoco.com\/deturf\/wp-json\/wp\/v2\/media?parent=12186"}],"wp:term":[{"taxonomy":"category","embeddable":true,"href":"https:\/\/deturfunpoco.com\/deturf\/wp-json\/wp\/v2\/categories?post=12186"},{"taxonomy":"post_tag","embeddable":true,"href":"https:\/\/deturfunpoco.com\/deturf\/wp-json\/wp\/v2\/tags?post=12186"}],"curies":[{"name":"wp","href":"https:\/\/api.w.org\/{rel}","templated":true}]}}