{"id":12352,"date":"2025-09-16T03:35:27","date_gmt":"2025-09-16T03:35:27","guid":{"rendered":"https:\/\/deturfunpoco.com\/deturf\/?p=12352"},"modified":"2025-09-16T18:24:18","modified_gmt":"2025-09-16T18:24:18","slug":"mosquetero-iama-se-llevo-la-polla-de-potrillos-haras-don-jose-2025","status":"publish","type":"post","link":"https:\/\/deturfunpoco.com\/deturf\/2025\/09\/16\/mosquetero-iama-se-llevo-la-polla-de-potrillos-haras-don-jose-2025\/","title":{"rendered":"Mosquetero Iama se llev\u00f3 la Polla de Potrillos Haras Don Jos\u00e9 2025"},"content":{"rendered":"\n<p>El Club H\u00edpico El Fog\u00f3n de Lamarque volvi\u00f3 a ser escenario de pura emoci\u00f3n con la disputa de la <strong>Polla de Potrillos Haras Don Jos\u00e9<\/strong>. La carrera central tuvo un final electrizante y un protagonista claro: <strong>Mosquetero Iama<\/strong> (Iamasurebet y Rosa Blanca).<\/p>\n\n\n\n<p>Con la conducci\u00f3n precisa de <strong>Dar\u00edo Gonz\u00e1lez<\/strong> y la preparaci\u00f3n de <strong>Vicente Anrada<\/strong>, el representante del <strong>Stud La Chaira<\/strong> se impuso por <strong>un cuerpo<\/strong> sobre <strong>Maleva Fan<\/strong>, confirmando que su nombre ya empieza a escribirse entre los potrillos a seguir.<\/p>\n\n\n\n<p>En la l\u00ednea de llegada lo escoltaron figuras prometedoras como <strong>Milagrosa Lake<\/strong>, <strong>Maravillosa Jess<\/strong>, <strong>M\u00e1gico Gold<\/strong> y <strong>Moraleja Jess<\/strong>, dejando en claro que esta generaci\u00f3n tiene con qu\u00e9 dar espect\u00e1culo en cada salida.<\/p>\n\n\n\n<p>M\u00e1s all\u00e1 de los cron\u00f3metros, la Polla volvi\u00f3 a mostrar lo esencial: tribunas que laten y la pasi\u00f3n intacta de un turf que sigue regalando historias \u00fanicas.<\/p>\n\n\n\n<figure class=\"wp-block-video\"><video height=\"1280\" style=\"aspect-ratio: 720 \/ 1280;\" width=\"720\" controls src=\"https:\/\/deturfunpoco.com\/deturf\/wp-content\/uploads\/2025\/09\/WhatsApp-Video-2025-09-15-at-11.35.23-AM.mp4\"><\/video><\/figure>\n\n\n\n<hr class=\"wp-block-separator has-alpha-channel-opacity\"\/>\n\n\n\n<h2 class=\"wp-block-heading\">Invitaci\u00f3n al Gran Remate Anual del Haras Don Jos\u00e9<\/h2>\n\n\n\n<p>La pr\u00f3xima gran cita ser\u00e1 el <strong>27 de septiembre de 2025 en Dolavon, Chubut<\/strong>, donde el <strong>Haras Don Jos\u00e9<\/strong> presentar\u00e1 su nueva generaci\u00f3n en el <strong>Gran Remate Anual \u2013 Cuna de Campeones<\/strong>.<\/p>\n\n\n\n<p>Se ofrecer\u00e1n potrillos, potrancas y una yegua madre con servicio de <strong>Red Hawk Cartel<\/strong>.<br><a href=\"https:\/\/drive.google.com\/file\/d\/1-LNTuBQjw7j3dZpkloe1mnd-Lrq8BqyJ\/view\" target=\"_blank\" rel=\"noreferrer noopener\">Cat\u00e1logo completo<\/a> con hijos de <em>Fantastic Corona Jr, Desirio, Granite Lake, Mr. Golden, Jess a Sing<\/em>, entre otros. <\/p>\n\n\n\n<p>\ud83d\udccd <strong>Lugar:<\/strong> Haras Don Jos\u00e9 \u2013 Dolavon, Chubut<br>\ud83d\udcde <strong>Contactos:<\/strong> 2994 299321 \/ 2994 063974 \/ 2804 661055<\/p>\n\n\n\n<p>Un nuevo cap\u00edtulo para la crianza patag\u00f3nica, donde se mezclan futuro, gen\u00e9tica y sue\u00f1os de campeones.<\/p>\n\n\n\n<figure class=\"wp-block-image\"><a href=\"https:\/\/deturfunpoco.com\/deturf\/2025\/08\/29\/gran-venta-anual-haras-don-jose\/\"><img decoding=\"async\" width=\"1024\" height=\"193\" src=\"https:\/\/deturfunpoco.com\/deturf\/wp-content\/uploads\/2025\/08\/BannerConni-1024x193.jpg\" alt=\"\" class=\"wp-image-12260\" srcset=\"https:\/\/deturfunpoco.com\/deturf\/wp-content\/uploads\/2025\/08\/BannerConni-1024x193.jpg 1024w, https:\/\/deturfunpoco.com\/deturf\/wp-content\/uploads\/2025\/08\/BannerConni-300x57.jpg 300w, https:\/\/deturfunpoco.com\/deturf\/wp-content\/uploads\/2025\/08\/BannerConni-768x145.jpg 768w, https:\/\/deturfunpoco.com\/deturf\/wp-content\/uploads\/2025\/08\/BannerConni.jpg 1200w\" sizes=\"(max-width: 1024px) 100vw, 1024px\" \/><\/a><\/figure>\n\n\n\n<figure class=\"wp-block-image\"><img decoding=\"async\" width=\"800\" height=\"150\" src=\"https:\/\/deturfunpoco.com\/deturf\/wp-content\/uploads\/2025\/08\/Stud-J.C.V.-Sta-Fe9.png\" alt=\"\" class=\"wp-image-12188\" srcset=\"https:\/\/deturfunpoco.com\/deturf\/wp-content\/uploads\/2025\/08\/Stud-J.C.V.-Sta-Fe9.png 800w, https:\/\/deturfunpoco.com\/deturf\/wp-content\/uploads\/2025\/08\/Stud-J.C.V.-Sta-Fe9-300x56.png 300w, https:\/\/deturfunpoco.com\/deturf\/wp-content\/uploads\/2025\/08\/Stud-J.C.V.-Sta-Fe9-768x144.png 768w\" sizes=\"(max-width: 800px) 100vw, 800px\" \/><figcaption class=\"wp-element-caption\">Stud Chanta (SI)<\/figcaption><\/figure>\n\n\n\n<figure class=\"wp-block-image\"><a href=\"https:\/\/www.la-fusta.com.ar\/\" target=\"_blank\" rel=\"noreferrer noopener\"><img decoding=\"async\" width=\"800\" height=\"150\" src=\"https:\/\/deturfunpoco.com\/deturf\/wp-content\/uploads\/2025\/06\/la-fusta-banner-notas.png\" alt=\"\" class=\"wp-image-12037\" srcset=\"https:\/\/deturfunpoco.com\/deturf\/wp-content\/uploads\/2025\/06\/la-fusta-banner-notas.png 800w, https:\/\/deturfunpoco.com\/deturf\/wp-content\/uploads\/2025\/06\/la-fusta-banner-notas-300x56.png 300w, https:\/\/deturfunpoco.com\/deturf\/wp-content\/uploads\/2025\/06\/la-fusta-banner-notas-768x144.png 768w\" sizes=\"(max-width: 800px) 100vw, 800px\" \/><\/a><figcaption class=\"wp-element-caption\">Talabarteria La Fusta<\/figcaption><\/figure>\n\n\n\n<figure class=\"wp-block-image\"><a href=\"https:\/\/harasdonteodoro.com\/\" target=\"_blank\" rel=\"noreferrer noopener\"><img decoding=\"async\" width=\"800\" height=\"140\" src=\"https:\/\/deturfunpoco.com\/deturf\/wp-content\/uploads\/2024\/01\/BANNER-DST.png\" alt=\"\" class=\"wp-image-11040\" srcset=\"https:\/\/deturfunpoco.com\/deturf\/wp-content\/uploads\/2024\/01\/BANNER-DST.png 800w, https:\/\/deturfunpoco.com\/deturf\/wp-content\/uploads\/2024\/01\/BANNER-DST-300x53.png 300w, https:\/\/deturfunpoco.com\/deturf\/wp-content\/uploads\/2024\/01\/BANNER-DST-768x134.png 768w\" sizes=\"(max-width: 800px) 100vw, 800px\" \/><\/a><figcaption class=\"wp-element-caption\">Haras Don Teodoro<\/figcaption><\/figure>\n\n\n\n<figure class=\"wp-block-image\"><a href=\"https:\/\/deturfunpoco.com\/deturf\/2025\/04\/27\/somos-palermo\/\" target=\"_blank\" rel=\"noreferrer noopener\"><img decoding=\"async\" width=\"1024\" height=\"192\" src=\"https:\/\/deturfunpoco.com\/deturf\/wp-content\/uploads\/2025\/04\/de-turf-un-poco_800x150-1024x192.jpg\" alt=\"\" class=\"wp-image-11955\" srcset=\"https:\/\/deturfunpoco.com\/deturf\/wp-content\/uploads\/2025\/04\/de-turf-un-poco_800x150-1024x192.jpg 1024w, https:\/\/deturfunpoco.com\/deturf\/wp-content\/uploads\/2025\/04\/de-turf-un-poco_800x150-300x56.jpg 300w, https:\/\/deturfunpoco.com\/deturf\/wp-content\/uploads\/2025\/04\/de-turf-un-poco_800x150-768x144.jpg 768w, https:\/\/deturfunpoco.com\/deturf\/wp-content\/uploads\/2025\/04\/de-turf-un-poco_800x150-1536x287.jpg 1536w, https:\/\/deturfunpoco.com\/deturf\/wp-content\/uploads\/2025\/04\/de-turf-un-poco_800x150.jpg 1667w\" sizes=\"(max-width: 1024px) 100vw, 1024px\" \/><\/a><figcaption class=\"wp-element-caption\">Hip\u00f3dromo de Palermo<\/figcaption><\/figure>\n\n\n\n<figure class=\"wp-block-image\"><a href=\"http:\/\/www.aphara.org.ar\/\" target=\"_blank\" rel=\"noreferrer noopener\"><img decoding=\"async\" width=\"1024\" height=\"129\" src=\"https:\/\/deturfunpoco.com\/deturf\/wp-content\/uploads\/2024\/01\/banner-aphara-1028x180-1-1-1536x193-1-scaled-1.jpg\" alt=\"\" class=\"wp-image-10965\" srcset=\"https:\/\/deturfunpoco.com\/deturf\/wp-content\/uploads\/2024\/01\/banner-aphara-1028x180-1-1-1536x193-1-scaled-1.jpg 1024w, https:\/\/deturfunpoco.com\/deturf\/wp-content\/uploads\/2024\/01\/banner-aphara-1028x180-1-1-1536x193-1-scaled-1-300x38.jpg 300w, https:\/\/deturfunpoco.com\/deturf\/wp-content\/uploads\/2024\/01\/banner-aphara-1028x180-1-1-1536x193-1-scaled-1-768x97.jpg 768w\" sizes=\"(max-width: 1024px) 100vw, 1024px\" \/><\/a><figcaption class=\"wp-element-caption\">Asociaci\u00f3n del Personal de Hip\u00f3dromos, Agencias, Apuestas y Afines de la Rep\u00fablica Argentina<\/figcaption><\/figure>\n\n\n\n<figure class=\"wp-block-image\"><a href=\"https:\/\/utta.org.ar\/\" target=\"_blank\" rel=\"noreferrer noopener\"><img decoding=\"async\" width=\"728\" height=\"90\" src=\"https:\/\/deturfunpoco.com\/deturf\/wp-content\/uploads\/2022\/11\/banner-ospat.jpg\" alt=\"\" class=\"wp-image-9298\" srcset=\"https:\/\/deturfunpoco.com\/deturf\/wp-content\/uploads\/2022\/11\/banner-ospat.jpg 728w, https:\/\/deturfunpoco.com\/deturf\/wp-content\/uploads\/2022\/11\/banner-ospat-300x37.jpg 300w, https:\/\/deturfunpoco.com\/deturf\/wp-content\/uploads\/2022\/11\/banner-ospat-720x90.jpg 720w\" sizes=\"(max-width: 728px) 100vw, 728px\" \/><\/a><figcaption class=\"wp-element-caption\">Obra Social del Personal de la Actividad del Turf \/ Uni\u00f3n de Trabajadores del Turf y Afines<\/figcaption><\/figure>\n\n\n\n<figure class=\"wp-block-image\"><a href=\"https:\/\/wa.me\/+5491150409936\" target=\"_blank\" rel=\"noreferrer noopener\"><img decoding=\"async\" width=\"1024\" height=\"129\" src=\"https:\/\/deturfunpoco.com\/deturf\/wp-content\/uploads\/2024\/01\/FOTOS-DIGITALES.png\" alt=\"\" class=\"wp-image-11042\" srcset=\"https:\/\/deturfunpoco.com\/deturf\/wp-content\/uploads\/2024\/01\/FOTOS-DIGITALES.png 1024w, https:\/\/deturfunpoco.com\/deturf\/wp-content\/uploads\/2024\/01\/FOTOS-DIGITALES-300x38.png 300w, https:\/\/deturfunpoco.com\/deturf\/wp-content\/uploads\/2024\/01\/FOTOS-DIGITALES-768x97.png 768w\" sizes=\"(max-width: 1024px) 100vw, 1024px\" \/><\/a><figcaption class=\"wp-element-caption\">De Turf Un Poco<\/figcaption><\/figure>\n\n\n\n<figure class=\"wp-block-image\"><img decoding=\"async\" width=\"800\" height=\"150\" src=\"https:\/\/deturfunpoco.com\/deturf\/wp-content\/uploads\/2024\/08\/Stud-J.C.V.-Sta-Fe5.png\" alt=\"\" class=\"wp-image-11538\" srcset=\"https:\/\/deturfunpoco.com\/deturf\/wp-content\/uploads\/2024\/08\/Stud-J.C.V.-Sta-Fe5.png 800w, https:\/\/deturfunpoco.com\/deturf\/wp-content\/uploads\/2024\/08\/Stud-J.C.V.-Sta-Fe5-300x56.png 300w, https:\/\/deturfunpoco.com\/deturf\/wp-content\/uploads\/2024\/08\/Stud-J.C.V.-Sta-Fe5-768x144.png 768w\" sizes=\"(max-width: 800px) 100vw, 800px\" \/><figcaption class=\"wp-element-caption\">Asociaci\u00f3n Gremial Profesionales del Turf&nbsp;<\/figcaption><\/figure>\n\n\n\n<figure class=\"wp-block-image\"><img decoding=\"async\" width=\"800\" height=\"140\" src=\"https:\/\/deturfunpoco.com\/deturf\/wp-content\/uploads\/2023\/07\/Haras-San-Benito4.png\" alt=\"\" class=\"wp-image-10374\" srcset=\"https:\/\/deturfunpoco.com\/deturf\/wp-content\/uploads\/2023\/07\/Haras-San-Benito4.png 800w, https:\/\/deturfunpoco.com\/deturf\/wp-content\/uploads\/2023\/07\/Haras-San-Benito4-300x53.png 300w, https:\/\/deturfunpoco.com\/deturf\/wp-content\/uploads\/2023\/07\/Haras-San-Benito4-768x134.png 768w\" sizes=\"(max-width: 800px) 100vw, 800px\" \/><figcaption class=\"wp-element-caption\">Haras San Benito<\/figcaption><\/figure>\n\n\n\n<figure class=\"wp-block-image\"><a href=\"https:\/\/www.instagram.com\/harasdonflorentino\/\" target=\"_blank\" rel=\"noreferrer noopener\"><img decoding=\"async\" width=\"728\" height=\"90\" src=\"https:\/\/deturfunpoco.com\/deturf\/wp-content\/uploads\/2022\/11\/banner-donflorentino2.jpg\" alt=\"\" class=\"wp-image-9297\" srcset=\"https:\/\/deturfunpoco.com\/deturf\/wp-content\/uploads\/2022\/11\/banner-donflorentino2.jpg 728w, https:\/\/deturfunpoco.com\/deturf\/wp-content\/uploads\/2022\/11\/banner-donflorentino2-300x37.jpg 300w, https:\/\/deturfunpoco.com\/deturf\/wp-content\/uploads\/2022\/11\/banner-donflorentino2-720x90.jpg 720w\" sizes=\"(max-width: 728px) 100vw, 728px\" \/><\/a><figcaption class=\"wp-element-caption\">Haras Don Florentino<\/figcaption><\/figure>\n\n\n\n<figure class=\"wp-block-image\"><img decoding=\"async\" width=\"1024\" height=\"341\" src=\"https:\/\/deturfunpoco.com\/deturf\/wp-content\/uploads\/2025\/01\/hsi-verano-25-1024x341.jpg\" alt=\"\" class=\"wp-image-11752\" srcset=\"https:\/\/deturfunpoco.com\/deturf\/wp-content\/uploads\/2025\/01\/hsi-verano-25-1024x341.jpg 1024w, https:\/\/deturfunpoco.com\/deturf\/wp-content\/uploads\/2025\/01\/hsi-verano-25-300x100.jpg 300w, https:\/\/deturfunpoco.com\/deturf\/wp-content\/uploads\/2025\/01\/hsi-verano-25-768x256.jpg 768w, https:\/\/deturfunpoco.com\/deturf\/wp-content\/uploads\/2025\/01\/hsi-verano-25-1536x512.jpg 1536w, https:\/\/deturfunpoco.com\/deturf\/wp-content\/uploads\/2025\/01\/hsi-verano-25-2048x683.jpg 2048w\" sizes=\"(max-width: 1024px) 100vw, 1024px\" \/><figcaption class=\"wp-element-caption\">Hip\u00f3dromo de San Isidro<\/figcaption><\/figure>\n","protected":false},"excerpt":{"rendered":"<p>El Club H\u00edpico El Fog\u00f3n de Lamarque volvi\u00f3 a ser escenario de pura emoci\u00f3n con<\/p>\n","protected":false},"author":1,"featured_media":12355,"comment_status":"closed","ping_status":"closed","sticky":false,"template":"","format":"standard","meta":{"iawp_total_views":37,"footnotes":""},"categories":[5,1,3],"tags":[],"class_list":["post-12352","post","type-post","status-publish","format-standard","has-post-thumbnail","hentry","category-agenda","category-deturfunpoco","category-turf"],"_links":{"self":[{"href":"https:\/\/deturfunpoco.com\/deturf\/wp-json\/wp\/v2\/posts\/12352","targetHints":{"allow":["GET"]}}],"collection":[{"href":"https:\/\/deturfunpoco.com\/deturf\/wp-json\/wp\/v2\/posts"}],"about":[{"href":"https:\/\/deturfunpoco.com\/deturf\/wp-json\/wp\/v2\/types\/post"}],"author":[{"embeddable":true,"href":"https:\/\/deturfunpoco.com\/deturf\/wp-json\/wp\/v2\/users\/1"}],"replies":[{"embeddable":true,"href":"https:\/\/deturfunpoco.com\/deturf\/wp-json\/wp\/v2\/comments?post=12352"}],"version-history":[{"count":4,"href":"https:\/\/deturfunpoco.com\/deturf\/wp-json\/wp\/v2\/posts\/12352\/revisions"}],"predecessor-version":[{"id":12365,"href":"https:\/\/deturfunpoco.com\/deturf\/wp-json\/wp\/v2\/posts\/12352\/revisions\/12365"}],"wp:featuredmedia":[{"embeddable":true,"href":"https:\/\/deturfunpoco.com\/deturf\/wp-json\/wp\/v2\/media\/12355"}],"wp:attachment":[{"href":"https:\/\/deturfunpoco.com\/deturf\/wp-json\/wp\/v2\/media?parent=12352"}],"wp:term":[{"taxonomy":"category","embeddable":true,"href":"https:\/\/deturfunpoco.com\/deturf\/wp-json\/wp\/v2\/categories?post=12352"},{"taxonomy":"post_tag","embeddable":true,"href":"https:\/\/deturfunpoco.com\/deturf\/wp-json\/wp\/v2\/tags?post=12352"}],"curies":[{"name":"wp","href":"https:\/\/api.w.org\/{rel}","templated":true}]}}