{"id":12651,"date":"2026-03-01T20:58:43","date_gmt":"2026-03-01T20:58:43","guid":{"rendered":"https:\/\/deturfunpoco.com\/deturf\/?p=12651"},"modified":"2026-03-01T20:58:44","modified_gmt":"2026-03-01T20:58:44","slug":"la-recuperacion-de-florencia-gimenez-la-caida-de-un-caballo-la-hirio-pero-el-vaiven-de-otro-la-ayuda-a-sanar","status":"publish","type":"post","link":"https:\/\/deturfunpoco.com\/deturf\/2026\/03\/01\/la-recuperacion-de-florencia-gimenez-la-caida-de-un-caballo-la-hirio-pero-el-vaiven-de-otro-la-ayuda-a-sanar\/","title":{"rendered":"La recuperaci\u00f3n de Florencia Gim\u00e9nez: la ca\u00edda de un caballo la hiri\u00f3, pero el vaiv\u00e9n de otro la ayuda a sanar"},"content":{"rendered":"\n<p><strong>Por<\/strong><a href=\"https:\/\/www.losandes.com.ar\/perfil\/117-enrique-pfaab\"> <strong>Enrique Pfaab<\/strong><\/a>, para <a href=\"https:\/\/www.losandes.com.ar\/sociedad\/la-recuperacion-florencia-gimenez-la-caida-un-caballo-la-hirio-pero-el-vaiven-otro-la-ayuda-sanar-n5982101\">https:\/\/www.losandes.com.ar<\/a><\/p>\n\n\n\n<p>La jocketa mendocina se recupera tras el accidente en el Hip\u00f3dromo de Palermo, en 2023, que interrumpi\u00f3 su carrera en el mejor momento. En Mendoza, la equinoterapia forma parte de su nueva rutina.<\/p>\n\n\n\n<p>El movimiento es leve. <strong>El <a href=\"https:\/\/www.losandes.com.ar\/temas\/caballo\">caballo<\/a> avanza al paso y el cuerpo de Florencia Gim\u00e9nez acompa\u00f1a ese vaiv\u00e9n<\/strong>. No es una carrera, no hay largada ni tribunas, no hay fusta ni reloj. Solo hay silencio, concentraci\u00f3n y un trabajo minucioso que se repite semana tras semana. <strong>El mismo animal <\/strong>que alguna vez fue sin\u00f3nimo de velocidad y competencia es hoy parte de su tratamiento. El lomo que antes la impulsaba hacia la meta, ahora la ayuda a recomponer el equilibrio.<a href=\"https:\/\/www.losandes.com.ar\/policiales\/abigeato-alto-chapanay-robaron-y-faenaron-un-caballo-competencia-una-finca-san-martin-n5982264\"><\/a><\/p>\n\n\n\n<p>Florencia contin\u00faa <strong>su <a href=\"https:\/\/www.losandes.com.ar\/temas\/recuperacion\">recuperaci\u00f3n<\/a> en <a href=\"https:\/\/www.losandes.com.ar\/temas\/mendoza\">Mendoza<\/a><\/strong>, despu\u00e9s del accidente que sufri\u00f3<strong> el 17 de abril de 2023 en el Hip\u00f3dromo de Palermo.<\/strong> Aquella tarde, la yegua \u201cCasta y Pura\u201d sufri\u00f3 una rodada en plena carrera. La velocidad hizo el resto. La joven rod\u00f3 sobre la pista y qued\u00f3 tendida.<\/p>\n\n\n\n<p>Fue asistida de inmediato. El primer parte m\u00e9dico, firmado por el doctor Luis Quinteros, inform\u00f3 que hab\u00eda sufrido \u201cpolitraumatismos y un traumatismo craneoencef\u00e1lico grave, con p\u00e9rdida de conciencia\u201d. Horas despu\u00e9s, la actualizaci\u00f3n fue m\u00e1s precisa y encendi\u00f3 la alarma: traumatismo craneal grave con edema cerebral, m\u00faltiples fracturas cervicales y contusi\u00f3n pulmonar. Fue intubada y requiri\u00f3 asistencia ventilatoria mec\u00e1nica.<\/p>\n\n\n\n<p>Las primeras 48 horas fueron cr\u00edticas. Permaneci\u00f3 dos meses en terapia intensiva y fue sometida a una cirug\u00eda de columna. Luego comenz\u00f3 un proceso largo y sostenido de rehabilitaci\u00f3n que se extendi\u00f3 por m\u00e1s de un a\u00f1o. Estuvo internada en el <strong>Centro de Rehabilitaci\u00f3n Fleni, en Escobar, Buenos Aires<\/strong>. y m\u00e1s tarde continu\u00f3 su tratamiento en la <strong>cl\u00ednica San Andr\u00e9s, en Mendoza.<\/strong><\/p>\n\n\n\n<p>En mayo del 2024 recibi\u00f3 el alta y el visto bueno m\u00e9dico para viajar. \u201cEl Hip\u00f3dromo de Palermo comunica que Florencia Gim\u00e9nez ha sido dada de alta del Centro de Rehabilitaci\u00f3n Fleni\u201d, se\u00f1alaron entonces en un comunicado oficial. Regres\u00f3 a Mendoza y continu\u00f3 su tratamiento en la cl\u00ednica San Andr\u00e9s, cerca de los suyos, con un nuevo esquema de trabajo terap\u00e9utico.<\/p>\n\n\n\n<figure class=\"wp-block-image\" id=\"694172-Libre-1629762943_wrap\"><img decoding=\"async\" src=\"https:\/\/media.losandes.com.ar\/p\/e3ef79880f88745c267cfd6814edb586\/adjuntos\/368\/imagenes\/100\/694\/0100694548\/1000x0\/smart\/la-jocketa-mendocina-florencia-gimenez-avanza-su-recuperacion-el-accidente-el-hipodromo-palermo-2023-daniel-caballero-los-andes.jfif\" alt=\"La jocketa mendocina Florencia Gim\u00e9nez avanza en su recuperaci\u00f3n tras el accidente en el Hip\u00f3dromo de Palermo en 2023. (Daniel Caballero - Los Andes)\" title=\"La jocketa mendocina Florencia Gim\u00e9nez avanza en su recuperaci\u00f3n tras el accidente en el Hip\u00f3dromo de Palermo en 2023. (Daniel Caballero - Los Andes)\"\/><figcaption class=\"wp-element-caption\">La jocketa mendocina Florencia Gim\u00e9nez avanza en su recuperaci\u00f3n tras el accidente en el Hip\u00f3dromo de Palermo en 2023. (Daniel Caballero &#8211; Los Andes)<\/figcaption><\/figure>\n\n\n\n<h2 class=\"wp-block-heading\"><\/h2>\n\n\n\n<p>Florencia naci\u00f3 en una familia atravesada por el turf. \u201cMi familia se compone de seis integrantes que, gracias a Dios, estamos muy unidos: mi pap\u00e1, mi mam\u00e1 y mis tres hermanas. Vivimos en Godoy Cruz. De parte paterna est\u00e1 muy relacionada al turf, ya que<strong> mi abuelo fue <a href=\"https:\/\/www.losandes.com.ar\/temas\/jockey\">jockey<\/a> en Mendoza y Rosario<\/strong>. <strong>Mi pap\u00e1 tambi\u00e9n fue jockey<\/strong> y actualmente tiene el r\u00e9cord de los cl\u00e1sicos m\u00e1s importantes ganados en Mendoza: <strong>cinco Vendimias y seis <a href=\"https:\/\/www.losandes.com.ar\/temas\/patrono-santiago\">Patrono Santiago<\/a><\/strong>. Mi padrino actualmente entrena caballos de carrera. Fue el entrenador que me hizo ganar mi primera carrera en Mendoza y tambi\u00e9n en Buenos Aires\u201d.<\/p>\n\n\n\n<p>El v\u00ednculo con los caballos no fue una elecci\u00f3n tard\u00eda. Creci\u00f3 en el ambiente de los studs y los hip\u00f3dromos. Aprendi\u00f3 desde abajo. <strong>\u201cComenc\u00e9 en el stud de Enrique Rivamar<\/strong>, mi padrino, como peona. Despu\u00e9s de un tiempo de aprendizaje, debut\u00e9 como jocketa y tuve la suerte de ganar en Mendoza, incluso cl\u00e1sicos, y de correr carreras emblem\u00e1ticas como el Vendimia y Santo Patrono\u201d.<\/p>\n\n\n\n<p>Su nombre empez\u00f3 a circular en el ambiente. Una de sus victorias m\u00e1s recordadas fue en Las Estrellas del Interior, con el ejemplar En Cuesti\u00f3n, el d\u00eda del Gran Premio Batalla, en el Hip\u00f3dromo de Tucum\u00e1n. M\u00e1s tarde curs\u00f3 formalmente la carrera en la <strong>Escuela de Jockeys de San Isidro<\/strong>, bajo las \u00f3rdenes de <strong>H\u00e9ctor Libre y Jorge Caro<\/strong>. Egres\u00f3 en 2018.<\/p>\n\n\n\n<p><strong>\u201cLlegu\u00e9 a ganar 60 carreras oficiales y varias extraoficiales<\/strong>, corri\u00e9ndole a destacados entrenadores como Juan C. Etchechoury (h), Roberto Pellegatta, Juan Saldivia y Nicol\u00e1s Mart\u00edn Ferro, y para studs importantes como Rubio B y Juan Antonio. <strong>Mi rodada fue el 17 de abril de 2023 en Palermo y ocurri\u00f3 en mi mejor momento profesional\u201d<\/strong>.<\/p>\n\n\n\n<p>Ten\u00eda 18 a\u00f1os cuando debut\u00f3 oficialmente, el 18 de mayo de 2018, en el<strong> Hip\u00f3dromo de San Isidro<\/strong>. Desde entonces hab\u00eda construido una trayectoria sostenida, con regularidad y resultados. El accidente interrumpi\u00f3 ese proceso en su punto m\u00e1s alto.<\/p>\n\n\n\n<figure class=\"wp-block-image\" id=\"694175-Libre-2055774409_wrap\"><img decoding=\"async\" src=\"https:\/\/media.losandes.com.ar\/p\/59e43337228078e96016577b340f2880\/adjuntos\/368\/imagenes\/100\/694\/0100694551\/1000x0\/smart\/la-jocketa-mendocina-florencia-gimenez-avanza-su-recuperacion-el-accidente-el-hipodromo-palermo-2023-daniel-caballero-los-andes.jfif\" alt=\"La jocketa mendocina Florencia Gim\u00e9nez avanza en su recuperaci\u00f3n tras el accidente en el Hip\u00f3dromo de Palermo en 2023. (Daniel Caballero - Los Andes)\" title=\"La jocketa mendocina Florencia Gim\u00e9nez avanza en su recuperaci\u00f3n tras el accidente en el Hip\u00f3dromo de Palermo en 2023. (Daniel Caballero - Los Andes)\"\/><figcaption class=\"wp-element-caption\">La jocketa mendocina Florencia Gim\u00e9nez avanza en su recuperaci\u00f3n tras el accidente en el Hip\u00f3dromo de Palermo en 2023. (Daniel Caballero &#8211; Los Andes)<\/figcaption><\/figure>\n\n\n\n<h2 class=\"wp-block-heading\">El regreso<\/h2>\n\n\n\n<p>El regreso a Mendoza no implic\u00f3 el final del tratamiento, sino una nueva etapa. La rehabilitaci\u00f3n contin\u00faa, con constancia y planificaci\u00f3n. Combina sesiones de kinesiolog\u00eda, terapia ocupacional, trabajo cognitivo y, especialmente, equinoterapia.<\/p>\n\n\n\n<p><strong>\u201cEstoy realizando equinoterapia en la Asociaci\u00f3n Equinoterapia Mendoza<\/strong>, ubicada en Godoy Cruz, en una parte del hip\u00f3dromo. El movimiento del caballo me articula el cuerpo como si estuviera caminando, y la alegr\u00eda de estar nuevamente arriba de un caballo es inmensa\u201d.<\/p>\n\n\n\n<p>El principio terap\u00e9utico es conocido: el desplazamiento del caballo al paso reproduce patrones de movimiento similares a la marcha humana. Esa oscilaci\u00f3n r\u00edtmica estimula m\u00fasculos, articulaciones y sistemas de equilibrio. En su caso, el trabajo est\u00e1 supervisado por profesionales de la salud.<\/p>\n\n\n\n<p>\u201cRecomiendo que realicen equinoterapia, los profesionales que me acompa\u00f1an y controlan, como por ejemplo mi fisiatra, me la recomiendan. En equinoterapia estoy acompa\u00f1ada por profesionales capacitados en salud y en el manejo de estos animales. Un terapeuta especializado en Terapias Asistidas con Caballos debe contar, adem\u00e1s de una formaci\u00f3n acad\u00e9mica espec\u00edfica, con conocimientos sobre las necesidades emocionales y f\u00edsicas de los pacientes, as\u00ed como tambi\u00e9n sobre el comportamiento y manejo de los caballos\u201d.<\/p>\n\n\n\n<p>Y agrega: \u201cEsta capacitaci\u00f3n permite que las sesiones se adapten a las necesidades espec\u00edficas de cada persona, asegurando la seguridad y maximizando los beneficios terap\u00e9uticos. La colaboraci\u00f3n entre terapeutas, psic\u00f3logas, kinesi\u00f3logos y personas con experiencia en caballos es esencial para que la terapia sea efectiva y segura\u201d.<\/p>\n\n\n\n<p>La paradoja no le pasa desapercibida. \u201cExacto, es un caso muy especial. Hoy en d\u00eda sigo muy agradecida a los caballos, ya que me ayudan much\u00edsimo en mi rehabilitaci\u00f3n. Realizo equinoterapia, la cual est\u00e1 aceptada y recomendada por profesionales, porque me ayuda a fortalecer el equilibrio y mejorar mi postura\u201d.<\/p>\n\n\n\n<p><strong>El accidente no alter\u00f3 su v\u00ednculo con los animales<\/strong> ni su decisi\u00f3n de seguir ligada al turf. \u201cSi, todos los d\u00edas agradezco que mi vida siga ligada a los caballos. Mi accidente no logr\u00f3 darme miedo. Y para m\u00ed no es una simple afinidad: nac\u00ed con esta pasi\u00f3n por los caballos\u201d.<\/p>\n\n\n\n<p>En su relato no hay ruptura. \u201cGracias a ellos, mi pap\u00e1 pudo darme estudios, me permitieron conocer amigos y me abrieron muchas puertas. Al subirme a un caballo siento una adrenalina \u00fanica, y no puedo explicar la alegr\u00eda que me generan\u201d.<\/p>\n\n\n\n<p>Tampoco hubo arrepentimiento. \u201cEl accidente no me provoc\u00f3 arrepentimiento de montar, porque todos los jockeys somos conscientes del peligro que puede existir. Estamos ejerciendo un deporte de alto riesgo\u201d.<\/p>\n\n\n\n<figure class=\"wp-block-image\" id=\"694171-Libre-881046396_wrap\"><img decoding=\"async\" src=\"https:\/\/media.losandes.com.ar\/p\/de441cc133c339eff82834ab39a71242\/adjuntos\/368\/imagenes\/100\/694\/0100694547\/1000x0\/smart\/la-jocketa-mendocina-florencia-gimenez-avanza-su-recuperacion-el-accidente-el-hipodromo-palermo-2023-daniel-caballero-los-andes.jfif\" alt=\"La jocketa mendocina Florencia Gim\u00e9nez avanza en su recuperaci\u00f3n tras el accidente en el Hip\u00f3dromo de Palermo en 2023. (Daniel Caballero - Los Andes)\" title=\"La jocketa mendocina Florencia Gim\u00e9nez avanza en su recuperaci\u00f3n tras el accidente en el Hip\u00f3dromo de Palermo en 2023. (Daniel Caballero - Los Andes)\"\/><figcaption class=\"wp-element-caption\">La jocketa mendocina Florencia Gim\u00e9nez avanza en su recuperaci\u00f3n tras el accidente en el Hip\u00f3dromo de Palermo en 2023. (Daniel Caballero &#8211; Los Andes)<\/figcaption><\/figure>\n\n\n\n<h2 class=\"wp-block-heading\">Un d\u00eda a la vez<\/h2>\n\n\n\n<p>Sus d\u00edas se organizan en funci\u00f3n de la rehabilitaci\u00f3n. \u201cTengo d\u00edas variados: algunas ma\u00f1anas voy al hip\u00f3dromo, otras voy a rehabilitaci\u00f3n. Algunas tardes voy a equinoterapia y al hip\u00f3dromo, al stud donde se encuentra mi caballo, y otras me quedo en casa porque vienen mis kinesi\u00f3logas particulares\u201d.<\/p>\n\n\n\n<p>Adem\u00e1s de las terapias, cumple un rol que la mantiene cerca del ambiente: es cuidadora. \u201cPor el momento estoy cuidando un solo caballo que me regalaron, y lo hago como hobby para seguir ligada a la actividad en la actualidad\u201d.<\/p>\n\n\n\n<p>El contacto cotidiano, la rutina del stud, el cepillado, la preparaci\u00f3n, forman parte de un proceso que va m\u00e1s all\u00e1 de lo f\u00edsico. Mantener el v\u00ednculo con ese mundo tambi\u00e9n es una forma de sostener la identidad.<\/p>\n\n\n\n<p>M\u00e1s de un a\u00f1o atr\u00e1s, cuando ingres\u00f3 a la cl\u00ednica neurol\u00f3gica en Buenos Aires, la situaci\u00f3n era distinta. \u201cAl principio, trabajar conmigo era muy dif\u00edcil ya que ten\u00eda la mitad del cuerpo inm\u00f3vil y no pod\u00eda hablar. Los profesionales hicieron un enorme esfuerzo\u201d, recuerda.<\/p>\n\n\n\n<p>El avance fue progresivo. Primero abrir los ojos. Despu\u00e9s hacer se\u00f1as con las manos. M\u00e1s tarde recuperar la voz, la movilidad parcial, el control postural. Cada logro fue parte de un camino que todav\u00eda contin\u00faa.<\/p>\n\n\n\n<figure class=\"wp-block-image\" id=\"694174-Libre-529881389_wrap\"><img decoding=\"async\" src=\"https:\/\/media.losandes.com.ar\/p\/27fc5c5f6baf9d4c732c5f0d0c35602c\/adjuntos\/368\/imagenes\/100\/694\/0100694550\/1000x0\/smart\/la-jocketa-mendocina-florencia-gimenez-avanza-su-recuperacion-el-accidente-el-hipodromo-palermo-2023-daniel-caballero-los-andes.jfif\" alt=\"La jocketa mendocina Florencia Gim\u00e9nez avanza en su recuperaci\u00f3n tras el accidente en el Hip\u00f3dromo de Palermo en 2023. (Daniel Caballero - Los Andes)\" title=\"La jocketa mendocina Florencia Gim\u00e9nez avanza en su recuperaci\u00f3n tras el accidente en el Hip\u00f3dromo de Palermo en 2023. (Daniel Caballero - Los Andes)\"\/><figcaption class=\"wp-element-caption\">La jocketa mendocina Florencia Gim\u00e9nez avanza en su recuperaci\u00f3n tras el accidente en el Hip\u00f3dromo de Palermo en 2023. (Daniel Caballero &#8211; Los Andes)<\/figcaption><\/figure>\n\n\n\n<h2 class=\"wp-block-heading\"><\/h2>\n\n\n\n<p>La pregunta sobre el regreso a la competencia no es nueva. Ella la escucha con frecuencia y no la esquiva. \u201cEst\u00e1 en todas mis esperanzas y expectativas, pero es un proceso muy largo y complicado\u201d.<\/p>\n\n\n\n<p>El objetivo inmediato no es una carrera, sino algo m\u00e1s b\u00e1sico. \u201cMi sue\u00f1o es volver a caminar e independizarme. S\u00e9 que Dios siempre tiene la \u00faltima palabra. Y mi objetivo es volver a competir\u201d.<\/p>\n\n\n\n<p>Entre una meta y otra hay tiempo, trabajo y paciencia. La rehabilitaci\u00f3n neurol\u00f3gica no tiene plazos exactos. Se construye sobre la repetici\u00f3n, la constancia y la adaptaci\u00f3n. Cada sesi\u00f3n suma.<\/p>\n\n\n\n<p>El mensaje que quiere transmitir no se limita al turf. \u201cLa incapacidad no define qui\u00e9nes somos. Lo que nos define es la fuerza que tenemos para seguir adelante cada d\u00eda. No son nuestros l\u00edmites, sino la valent\u00eda que demostramos. Somos la prueba viva de que el esp\u00edritu puede m\u00e1s que cualquier obst\u00e1culo. Nunca dudes: tu vida vale, tu esfuerzo importa y tu luz inspira\u201d.<\/p>\n\n\n\n<p>En el hip\u00f3dromo, la pista de arena conserva la marca de las carreras. All\u00ed, la velocidad manda y el margen de error es m\u00ednimo. En la zona donde funciona la Asociaci\u00f3n Equinoterapia Mendoza, el ritmo es otro. El caballo avanza al paso y cada movimiento cuenta. No hay tribunas llenas ni apuestas; hay terapeutas atentos, indicaciones precisas y una paciente que ajusta postura, equilibrio y respiraci\u00f3n.<\/p>\n\n\n\n<p>La historia de Florencia Gim\u00e9nez est\u00e1 atravesada por los caballos desde antes de su debut profesional. El accidente en Palermo marc\u00f3 un quiebre, pero no modific\u00f3 ese v\u00ednculo. La ca\u00edda fue abrupta. La recuperaci\u00f3n es lenta. Entre un momento y otro hay meses de internaci\u00f3n, cirug\u00edas, terapias y regreso a casa.<\/p>\n\n\n\n<p>Hoy, cuando se sienta sobre el caballo para realizar equinoterapia, no busca un triunfo en el marcador. Busca estabilidad, coordinaci\u00f3n, fuerza. Paso a paso. Sin largada oficial. Sin foto de llegada. Con un objetivo claro: volver a ponerse de pie. Y, si el proceso lo permite, volver a correr.<\/p>\n\n\n\n<p>Nota y Fotos: <a href=\"https:\/\/www.losandes.com.ar\/sociedad\/la-recuperacion-florencia-gimenez-la-caida-un-caballo-la-hirio-pero-el-vaiven-otro-la-ayuda-sanar-n5982101\" target=\"_blank\" rel=\"noreferrer noopener\">https:\/\/www.losandes.com.ar\/sociedad\/la-recuperacion-florencia-gimenez-la-caida-un-caballo-la-hirio-pero-el-vaiven-otro-la-ayuda-sanar-n5982101<\/a><\/p>\n\n\n\n<p class=\"has-text-align-right\">By: Constanza Pulgar \u2013 De Turf Un Poco<\/p>\n\n\n\n<figure class=\"wp-block-image\"><img decoding=\"async\" width=\"960\" height=\"365\" src=\"https:\/\/deturfunpoco.com\/deturf\/wp-content\/uploads\/2026\/02\/90-anos.jpg\" alt=\"\" class=\"wp-image-12648\" srcset=\"https:\/\/deturfunpoco.com\/deturf\/wp-content\/uploads\/2026\/02\/90-anos.jpg 960w, https:\/\/deturfunpoco.com\/deturf\/wp-content\/uploads\/2026\/02\/90-anos-300x114.jpg 300w, https:\/\/deturfunpoco.com\/deturf\/wp-content\/uploads\/2026\/02\/90-anos-768x292.jpg 768w\" sizes=\"(max-width: 960px) 100vw, 960px\" \/><figcaption class=\"wp-element-caption\">Hip\u00f3dromo de San Isidro<\/figcaption><\/figure>\n\n\n\n<figure class=\"wp-block-image is-resized\"><a href=\"https:\/\/harasdonteodoro.com\/\" target=\"_blank\" rel=\"noreferrer noopener\"><img decoding=\"async\" width=\"800\" height=\"140\" src=\"https:\/\/deturfunpoco.com\/deturf\/wp-content\/uploads\/2024\/01\/BANNER-DST.png\" alt=\"\" class=\"wp-image-11040\" style=\"width:840px;height:auto\" srcset=\"https:\/\/deturfunpoco.com\/deturf\/wp-content\/uploads\/2024\/01\/BANNER-DST.png 800w, https:\/\/deturfunpoco.com\/deturf\/wp-content\/uploads\/2024\/01\/BANNER-DST-300x53.png 300w, https:\/\/deturfunpoco.com\/deturf\/wp-content\/uploads\/2024\/01\/BANNER-DST-768x134.png 768w\" sizes=\"(max-width: 800px) 100vw, 800px\" \/><\/a><figcaption class=\"wp-element-caption\">Haras Don Teodoro<\/figcaption><\/figure>\n\n\n\n<figure class=\"wp-block-image is-resized\"><img decoding=\"async\" width=\"800\" height=\"150\" src=\"https:\/\/deturfunpoco.com\/deturf\/wp-content\/uploads\/2025\/08\/Stud-J.C.V.-Sta-Fe9.png\" alt=\"\" class=\"wp-image-12188\" style=\"width:840px;height:auto\" srcset=\"https:\/\/deturfunpoco.com\/deturf\/wp-content\/uploads\/2025\/08\/Stud-J.C.V.-Sta-Fe9.png 800w, https:\/\/deturfunpoco.com\/deturf\/wp-content\/uploads\/2025\/08\/Stud-J.C.V.-Sta-Fe9-300x56.png 300w, https:\/\/deturfunpoco.com\/deturf\/wp-content\/uploads\/2025\/08\/Stud-J.C.V.-Sta-Fe9-768x144.png 768w\" sizes=\"(max-width: 800px) 100vw, 800px\" \/><figcaption class=\"wp-element-caption\">Stud Chanta (SI)<\/figcaption><\/figure>\n\n\n\n<figure class=\"wp-block-image\"><a href=\"http:\/\/www.aphara.org.ar\/\" target=\"_blank\" rel=\"noreferrer noopener\"><img decoding=\"async\" width=\"1024\" height=\"129\" src=\"https:\/\/deturfunpoco.com\/deturf\/wp-content\/uploads\/2024\/01\/banner-aphara-1028x180-1-1-1536x193-1-scaled-1.jpg\" alt=\"\" class=\"wp-image-10965\" srcset=\"https:\/\/deturfunpoco.com\/deturf\/wp-content\/uploads\/2024\/01\/banner-aphara-1028x180-1-1-1536x193-1-scaled-1.jpg 1024w, https:\/\/deturfunpoco.com\/deturf\/wp-content\/uploads\/2024\/01\/banner-aphara-1028x180-1-1-1536x193-1-scaled-1-300x38.jpg 300w, https:\/\/deturfunpoco.com\/deturf\/wp-content\/uploads\/2024\/01\/banner-aphara-1028x180-1-1-1536x193-1-scaled-1-768x97.jpg 768w\" sizes=\"(max-width: 1024px) 100vw, 1024px\" \/><\/a><figcaption class=\"wp-element-caption\">Asociaci\u00f3n del Personal de Hip\u00f3dromos, Agencias, Apuestas y Afines de la Rep\u00fablica Argentina<\/figcaption><\/figure>\n\n\n\n<figure class=\"wp-block-image is-resized\"><a href=\"https:\/\/www.la-fusta.com.ar\/\" target=\"_blank\" rel=\"noreferrer noopener\"><img decoding=\"async\" width=\"800\" height=\"150\" src=\"https:\/\/deturfunpoco.com\/deturf\/wp-content\/uploads\/2025\/06\/la-fusta-banner-notas.png\" alt=\"\" class=\"wp-image-12037\" style=\"width:840px;height:auto\" srcset=\"https:\/\/deturfunpoco.com\/deturf\/wp-content\/uploads\/2025\/06\/la-fusta-banner-notas.png 800w, https:\/\/deturfunpoco.com\/deturf\/wp-content\/uploads\/2025\/06\/la-fusta-banner-notas-300x56.png 300w, https:\/\/deturfunpoco.com\/deturf\/wp-content\/uploads\/2025\/06\/la-fusta-banner-notas-768x144.png 768w\" sizes=\"(max-width: 800px) 100vw, 800px\" \/><\/a><figcaption class=\"wp-element-caption\">Talabarteria La Fusta<\/figcaption><\/figure>\n\n\n\n<figure class=\"wp-block-image\"><a href=\"https:\/\/deturfunpoco.com\/deturf\/2025\/04\/27\/somos-palermo\/\" target=\"_blank\" rel=\"noreferrer noopener\"><img decoding=\"async\" width=\"1024\" height=\"192\" src=\"https:\/\/deturfunpoco.com\/deturf\/wp-content\/uploads\/2025\/04\/de-turf-un-poco_800x150-1024x192.jpg\" alt=\"\" class=\"wp-image-11955\" srcset=\"https:\/\/deturfunpoco.com\/deturf\/wp-content\/uploads\/2025\/04\/de-turf-un-poco_800x150-1024x192.jpg 1024w, https:\/\/deturfunpoco.com\/deturf\/wp-content\/uploads\/2025\/04\/de-turf-un-poco_800x150-300x56.jpg 300w, https:\/\/deturfunpoco.com\/deturf\/wp-content\/uploads\/2025\/04\/de-turf-un-poco_800x150-768x144.jpg 768w, https:\/\/deturfunpoco.com\/deturf\/wp-content\/uploads\/2025\/04\/de-turf-un-poco_800x150-1536x287.jpg 1536w, https:\/\/deturfunpoco.com\/deturf\/wp-content\/uploads\/2025\/04\/de-turf-un-poco_800x150.jpg 1667w\" sizes=\"(max-width: 1024px) 100vw, 1024px\" \/><\/a><figcaption class=\"wp-element-caption\">Hip\u00f3dromo de Palermo<\/figcaption><\/figure>\n\n\n\n<figure class=\"wp-block-image is-resized\"><a href=\"https:\/\/utta.org.ar\/\" target=\"_blank\" rel=\"noreferrer noopener\"><img decoding=\"async\" width=\"728\" height=\"90\" src=\"https:\/\/deturfunpoco.com\/deturf\/wp-content\/uploads\/2022\/11\/banner-ospat.jpg\" alt=\"\" class=\"wp-image-9298\" style=\"width:840px;height:auto\" srcset=\"https:\/\/deturfunpoco.com\/deturf\/wp-content\/uploads\/2022\/11\/banner-ospat.jpg 728w, https:\/\/deturfunpoco.com\/deturf\/wp-content\/uploads\/2022\/11\/banner-ospat-300x37.jpg 300w, https:\/\/deturfunpoco.com\/deturf\/wp-content\/uploads\/2022\/11\/banner-ospat-720x90.jpg 720w\" sizes=\"(max-width: 728px) 100vw, 728px\" \/><\/a><figcaption class=\"wp-element-caption\">Obra Social del Personal de la Actividad del Turf \/ Uni\u00f3n de Trabajadores del Turf y Afines<\/figcaption><\/figure>\n\n\n\n<figure class=\"wp-block-image\"><a href=\"https:\/\/wa.me\/+5491150409936\" target=\"_blank\" rel=\"noreferrer noopener\"><img decoding=\"async\" width=\"1024\" height=\"129\" src=\"https:\/\/deturfunpoco.com\/deturf\/wp-content\/uploads\/2024\/01\/FOTOS-DIGITALES.png\" alt=\"\" class=\"wp-image-11042\" srcset=\"https:\/\/deturfunpoco.com\/deturf\/wp-content\/uploads\/2024\/01\/FOTOS-DIGITALES.png 1024w, https:\/\/deturfunpoco.com\/deturf\/wp-content\/uploads\/2024\/01\/FOTOS-DIGITALES-300x38.png 300w, https:\/\/deturfunpoco.com\/deturf\/wp-content\/uploads\/2024\/01\/FOTOS-DIGITALES-768x97.png 768w\" sizes=\"(max-width: 1024px) 100vw, 1024px\" \/><\/a><figcaption class=\"wp-element-caption\">De Turf Un Poco<\/figcaption><\/figure>\n\n\n\n<figure class=\"wp-block-image is-resized\"><img decoding=\"async\" width=\"800\" height=\"150\" src=\"https:\/\/deturfunpoco.com\/deturf\/wp-content\/uploads\/2024\/08\/Stud-J.C.V.-Sta-Fe5.png\" alt=\"\" class=\"wp-image-11538\" style=\"width:840px;height:auto\" srcset=\"https:\/\/deturfunpoco.com\/deturf\/wp-content\/uploads\/2024\/08\/Stud-J.C.V.-Sta-Fe5.png 800w, https:\/\/deturfunpoco.com\/deturf\/wp-content\/uploads\/2024\/08\/Stud-J.C.V.-Sta-Fe5-300x56.png 300w, https:\/\/deturfunpoco.com\/deturf\/wp-content\/uploads\/2024\/08\/Stud-J.C.V.-Sta-Fe5-768x144.png 768w\" sizes=\"(max-width: 800px) 100vw, 800px\" \/><figcaption class=\"wp-element-caption\">Asociaci\u00f3n Gremial Profesionales del Turf&nbsp;<\/figcaption><\/figure>\n\n\n\n<figure class=\"wp-block-image is-resized\"><img decoding=\"async\" width=\"800\" height=\"140\" src=\"https:\/\/deturfunpoco.com\/deturf\/wp-content\/uploads\/2023\/07\/Haras-San-Benito4.png\" alt=\"\" class=\"wp-image-10374\" style=\"width:840px;height:auto\" srcset=\"https:\/\/deturfunpoco.com\/deturf\/wp-content\/uploads\/2023\/07\/Haras-San-Benito4.png 800w, https:\/\/deturfunpoco.com\/deturf\/wp-content\/uploads\/2023\/07\/Haras-San-Benito4-300x53.png 300w, https:\/\/deturfunpoco.com\/deturf\/wp-content\/uploads\/2023\/07\/Haras-San-Benito4-768x134.png 768w\" sizes=\"(max-width: 800px) 100vw, 800px\" \/><figcaption class=\"wp-element-caption\">Haras San Benito<\/figcaption><\/figure>\n\n\n\n<figure class=\"wp-block-image is-resized\"><a href=\"https:\/\/www.instagram.com\/harasdonflorentino\/\" target=\"_blank\" rel=\"noreferrer noopener\"><img decoding=\"async\" width=\"728\" height=\"90\" src=\"https:\/\/deturfunpoco.com\/deturf\/wp-content\/uploads\/2022\/11\/banner-donflorentino2.jpg\" alt=\"\" class=\"wp-image-9297\" style=\"width:840px;height:auto\" srcset=\"https:\/\/deturfunpoco.com\/deturf\/wp-content\/uploads\/2022\/11\/banner-donflorentino2.jpg 728w, https:\/\/deturfunpoco.com\/deturf\/wp-content\/uploads\/2022\/11\/banner-donflorentino2-300x37.jpg 300w, https:\/\/deturfunpoco.com\/deturf\/wp-content\/uploads\/2022\/11\/banner-donflorentino2-720x90.jpg 720w\" sizes=\"(max-width: 728px) 100vw, 728px\" \/><\/a><figcaption class=\"wp-element-caption\">Haras Don Florentino<\/figcaption><\/figure>\n","protected":false},"excerpt":{"rendered":"<p>Por Enrique Pfaab, para https:\/\/www.losandes.com.ar La jocketa mendocina se recupera tras el accidente en el<\/p>\n","protected":false},"author":1,"featured_media":12652,"comment_status":"closed","ping_status":"closed","sticky":false,"template":"","format":"standard","meta":{"iawp_total_views":20,"footnotes":""},"categories":[5,1,799,4,3],"tags":[148,838,837],"class_list":["post-12651","post","type-post","status-publish","format-standard","has-post-thumbnail","hentry","category-agenda","category-deturfunpoco","category-historias-de-nuestra-gente","category-sociales","category-turf","tag-de-turf-un-poco","tag-flor-gimenez","tag-losandes-com-ar"],"_links":{"self":[{"href":"https:\/\/deturfunpoco.com\/deturf\/wp-json\/wp\/v2\/posts\/12651","targetHints":{"allow":["GET"]}}],"collection":[{"href":"https:\/\/deturfunpoco.com\/deturf\/wp-json\/wp\/v2\/posts"}],"about":[{"href":"https:\/\/deturfunpoco.com\/deturf\/wp-json\/wp\/v2\/types\/post"}],"author":[{"embeddable":true,"href":"https:\/\/deturfunpoco.com\/deturf\/wp-json\/wp\/v2\/users\/1"}],"replies":[{"embeddable":true,"href":"https:\/\/deturfunpoco.com\/deturf\/wp-json\/wp\/v2\/comments?post=12651"}],"version-history":[{"count":1,"href":"https:\/\/deturfunpoco.com\/deturf\/wp-json\/wp\/v2\/posts\/12651\/revisions"}],"predecessor-version":[{"id":12653,"href":"https:\/\/deturfunpoco.com\/deturf\/wp-json\/wp\/v2\/posts\/12651\/revisions\/12653"}],"wp:featuredmedia":[{"embeddable":true,"href":"https:\/\/deturfunpoco.com\/deturf\/wp-json\/wp\/v2\/media\/12652"}],"wp:attachment":[{"href":"https:\/\/deturfunpoco.com\/deturf\/wp-json\/wp\/v2\/media?parent=12651"}],"wp:term":[{"taxonomy":"category","embeddable":true,"href":"https:\/\/deturfunpoco.com\/deturf\/wp-json\/wp\/v2\/categories?post=12651"},{"taxonomy":"post_tag","embeddable":true,"href":"https:\/\/deturfunpoco.com\/deturf\/wp-json\/wp\/v2\/tags?post=12651"}],"curies":[{"name":"wp","href":"https:\/\/api.w.org\/{rel}","templated":true}]}}