{"id":12693,"date":"2026-04-27T15:22:32","date_gmt":"2026-04-27T15:22:32","guid":{"rendered":"https:\/\/deturfunpoco.com\/deturf\/?p=12693"},"modified":"2026-04-27T15:22:32","modified_gmt":"2026-04-27T15:22:32","slug":"teao-emulo-a-su-padre-y-la-gloria-se-fue-para-chile","status":"publish","type":"post","link":"https:\/\/deturfunpoco.com\/deturf\/2026\/04\/27\/teao-emulo-a-su-padre-y-la-gloria-se-fue-para-chile\/","title":{"rendered":"Teao emul\u00f3 a su padre y la gloria se fue para Chile"},"content":{"rendered":"\n<p>En Per\u00fa se corri\u00f3 el Gran Premio Latinoamericano (Grado Uno en la escala internacional) sobre 2.000 metros en la pista de c\u00e9sped, con caballos oriundos de Brasil, Uruguay y Chile. Argentina estuvo en las gateras con Thor Medina &#8211; Jockey Osvaldo Alderete. Cuidador Eduardo Accosano. Stud El Marne. Y The Gladiator&#8217;s Hat &#8211; Jockey Eduardo Ortega Pav\u00f3n. Cuidador Carlos D. Etchechoury. Stud Haras El \u00c1ngel de Venecia.<\/p>\n\n\n<div class=\"wp-block-image\">\n<figure class=\"aligncenter size-large\"><img decoding=\"async\" width=\"1024\" height=\"1024\" src=\"https:\/\/deturfunpoco.com\/deturf\/wp-content\/uploads\/2026\/04\/WhatsApp-Image-2026-04-26-at-8.52.05-PM2-1024x1024.jpeg\" alt=\"\" class=\"wp-image-12695\" srcset=\"https:\/\/deturfunpoco.com\/deturf\/wp-content\/uploads\/2026\/04\/WhatsApp-Image-2026-04-26-at-8.52.05-PM2-1024x1024.jpeg 1024w, https:\/\/deturfunpoco.com\/deturf\/wp-content\/uploads\/2026\/04\/WhatsApp-Image-2026-04-26-at-8.52.05-PM2-300x300.jpeg 300w, https:\/\/deturfunpoco.com\/deturf\/wp-content\/uploads\/2026\/04\/WhatsApp-Image-2026-04-26-at-8.52.05-PM2-150x150.jpeg 150w, https:\/\/deturfunpoco.com\/deturf\/wp-content\/uploads\/2026\/04\/WhatsApp-Image-2026-04-26-at-8.52.05-PM2-768x768.jpeg 768w, https:\/\/deturfunpoco.com\/deturf\/wp-content\/uploads\/2026\/04\/WhatsApp-Image-2026-04-26-at-8.52.05-PM2-1536x1536.jpeg 1536w, https:\/\/deturfunpoco.com\/deturf\/wp-content\/uploads\/2026\/04\/WhatsApp-Image-2026-04-26-at-8.52.05-PM2-2048x2048.jpeg 2048w\" sizes=\"(max-width: 1024px) 100vw, 1024px\" \/><\/figure>\n<\/div>\n\n\n<p>La victoria y los laureles hipicos quedaron en manos del chileno Teao, que con la monta de Luis \u201cM\u00e1gico\u201d Torres super\u00f3 por dos cuerpos a Galikokic, un caballo brasile\u00f1o que represent\u00f3 a Uruguay. En el tercer puesto finaliz\u00f3 The Gladiator&#8217;s Hat, hijo de Hat Ninja y Plaska, que volvi\u00f3 a demostrar su gran capacidad de fondista bajo una gran estrategia del \u00abBurro\u00bb Ortega, que los mand\u00f3 por los palos y en el final era el que m\u00e1s corr\u00eda. Da la sensaci\u00f3n de que, de haberse disputado sobre 2.400 metros, el resultado podr\u00eda haber sido distinto. Felicitaciones para Chile por el triunfo, muy buena labor de Uruguay y una destacada actuaci\u00f3n del representante argentino.<\/p>\n\n\n\n<figure class=\"wp-block-image\"><a href=\"https:\/\/wa.me\/+5491150409936\" target=\"_blank\" rel=\"noreferrer noopener\"><img decoding=\"async\" width=\"1024\" height=\"129\" src=\"https:\/\/deturfunpoco.com\/deturf\/wp-content\/uploads\/2024\/01\/FOTOS-DIGITALES.png\" alt=\"\" class=\"wp-image-11042\" srcset=\"https:\/\/deturfunpoco.com\/deturf\/wp-content\/uploads\/2024\/01\/FOTOS-DIGITALES.png 1024w, https:\/\/deturfunpoco.com\/deturf\/wp-content\/uploads\/2024\/01\/FOTOS-DIGITALES-300x38.png 300w, https:\/\/deturfunpoco.com\/deturf\/wp-content\/uploads\/2024\/01\/FOTOS-DIGITALES-768x97.png 768w\" sizes=\"(max-width: 1024px) 100vw, 1024px\" \/><\/a><figcaption class=\"wp-element-caption\">De Turf Un Poco<\/figcaption><\/figure>\n\n\n\n<figure class=\"wp-block-image is-resized\"><a href=\"https:\/\/www.instagram.com\/harasdonflorentino\/\" target=\"_blank\" rel=\"noreferrer noopener\"><img decoding=\"async\" width=\"728\" height=\"90\" src=\"https:\/\/deturfunpoco.com\/deturf\/wp-content\/uploads\/2022\/11\/banner-donflorentino2.jpg\" alt=\"\" class=\"wp-image-9297\" style=\"width:840px;height:auto\" srcset=\"https:\/\/deturfunpoco.com\/deturf\/wp-content\/uploads\/2022\/11\/banner-donflorentino2.jpg 728w, https:\/\/deturfunpoco.com\/deturf\/wp-content\/uploads\/2022\/11\/banner-donflorentino2-300x37.jpg 300w, https:\/\/deturfunpoco.com\/deturf\/wp-content\/uploads\/2022\/11\/banner-donflorentino2-720x90.jpg 720w\" sizes=\"(max-width: 728px) 100vw, 728px\" \/><\/a><figcaption class=\"wp-element-caption\">Haras Don Florentino<\/figcaption><\/figure>\n\n\n\n<figure class=\"wp-block-image is-resized\"><a href=\"https:\/\/harasdonteodoro.com\/\" target=\"_blank\" rel=\"noreferrer noopener\"><img decoding=\"async\" width=\"800\" height=\"140\" src=\"https:\/\/deturfunpoco.com\/deturf\/wp-content\/uploads\/2024\/01\/BANNER-DST.png\" alt=\"\" class=\"wp-image-11040\" style=\"width:840px;height:auto\" srcset=\"https:\/\/deturfunpoco.com\/deturf\/wp-content\/uploads\/2024\/01\/BANNER-DST.png 800w, https:\/\/deturfunpoco.com\/deturf\/wp-content\/uploads\/2024\/01\/BANNER-DST-300x53.png 300w, https:\/\/deturfunpoco.com\/deturf\/wp-content\/uploads\/2024\/01\/BANNER-DST-768x134.png 768w\" sizes=\"(max-width: 800px) 100vw, 800px\" \/><\/a><figcaption class=\"wp-element-caption\">Haras Don Teodoro<\/figcaption><\/figure>\n\n\n\n<figure class=\"wp-block-image is-resized\"><a href=\"https:\/\/utta.org.ar\/\" target=\"_blank\" rel=\"noreferrer noopener\"><img decoding=\"async\" width=\"728\" height=\"90\" src=\"https:\/\/deturfunpoco.com\/deturf\/wp-content\/uploads\/2022\/11\/banner-ospat.jpg\" alt=\"\" class=\"wp-image-9298\" style=\"width:840px;height:auto\" srcset=\"https:\/\/deturfunpoco.com\/deturf\/wp-content\/uploads\/2022\/11\/banner-ospat.jpg 728w, https:\/\/deturfunpoco.com\/deturf\/wp-content\/uploads\/2022\/11\/banner-ospat-300x37.jpg 300w, https:\/\/deturfunpoco.com\/deturf\/wp-content\/uploads\/2022\/11\/banner-ospat-720x90.jpg 720w\" sizes=\"(max-width: 728px) 100vw, 728px\" \/><\/a><figcaption class=\"wp-element-caption\">Obra Social del Personal de la Actividad del Turf \/ Uni\u00f3n de Trabajadores del Turf y Afines<\/figcaption><\/figure>\n\n\n\n<figure class=\"wp-block-image is-resized\"><img decoding=\"async\" width=\"800\" height=\"150\" src=\"https:\/\/deturfunpoco.com\/deturf\/wp-content\/uploads\/2025\/08\/Stud-J.C.V.-Sta-Fe9.png\" alt=\"\" class=\"wp-image-12188\" style=\"width:840px;height:auto\" srcset=\"https:\/\/deturfunpoco.com\/deturf\/wp-content\/uploads\/2025\/08\/Stud-J.C.V.-Sta-Fe9.png 800w, https:\/\/deturfunpoco.com\/deturf\/wp-content\/uploads\/2025\/08\/Stud-J.C.V.-Sta-Fe9-300x56.png 300w, https:\/\/deturfunpoco.com\/deturf\/wp-content\/uploads\/2025\/08\/Stud-J.C.V.-Sta-Fe9-768x144.png 768w\" sizes=\"(max-width: 800px) 100vw, 800px\" \/><figcaption class=\"wp-element-caption\">Stud Chanta (SI)<\/figcaption><\/figure>\n\n\n\n<figure class=\"wp-block-image\"><a href=\"http:\/\/www.aphara.org.ar\/\" target=\"_blank\" rel=\"noreferrer noopener\"><img decoding=\"async\" width=\"1024\" height=\"129\" src=\"https:\/\/deturfunpoco.com\/deturf\/wp-content\/uploads\/2024\/01\/banner-aphara-1028x180-1-1-1536x193-1-scaled-1.jpg\" alt=\"\" class=\"wp-image-10965\" srcset=\"https:\/\/deturfunpoco.com\/deturf\/wp-content\/uploads\/2024\/01\/banner-aphara-1028x180-1-1-1536x193-1-scaled-1.jpg 1024w, https:\/\/deturfunpoco.com\/deturf\/wp-content\/uploads\/2024\/01\/banner-aphara-1028x180-1-1-1536x193-1-scaled-1-300x38.jpg 300w, https:\/\/deturfunpoco.com\/deturf\/wp-content\/uploads\/2024\/01\/banner-aphara-1028x180-1-1-1536x193-1-scaled-1-768x97.jpg 768w\" sizes=\"(max-width: 1024px) 100vw, 1024px\" \/><\/a><figcaption class=\"wp-element-caption\">Asociaci\u00f3n del Personal de Hip\u00f3dromos, Agencias, Apuestas y Afines de la Rep\u00fablica Argentina<\/figcaption><\/figure>\n\n\n\n<figure class=\"wp-block-image is-resized\"><img decoding=\"async\" width=\"800\" height=\"140\" src=\"https:\/\/deturfunpoco.com\/deturf\/wp-content\/uploads\/2023\/07\/Haras-San-Benito4.png\" alt=\"\" class=\"wp-image-10374\" style=\"width:840px;height:auto\" srcset=\"https:\/\/deturfunpoco.com\/deturf\/wp-content\/uploads\/2023\/07\/Haras-San-Benito4.png 800w, https:\/\/deturfunpoco.com\/deturf\/wp-content\/uploads\/2023\/07\/Haras-San-Benito4-300x53.png 300w, https:\/\/deturfunpoco.com\/deturf\/wp-content\/uploads\/2023\/07\/Haras-San-Benito4-768x134.png 768w\" sizes=\"(max-width: 800px) 100vw, 800px\" \/><figcaption class=\"wp-element-caption\">Haras San Benito<\/figcaption><\/figure>\n\n\n\n<figure class=\"wp-block-image is-resized\"><a href=\"https:\/\/www.la-fusta.com.ar\/\" target=\"_blank\" rel=\"noreferrer noopener\"><img decoding=\"async\" width=\"800\" height=\"150\" src=\"https:\/\/deturfunpoco.com\/deturf\/wp-content\/uploads\/2025\/06\/la-fusta-banner-notas.png\" alt=\"\" class=\"wp-image-12037\" style=\"width:840px;height:auto\" srcset=\"https:\/\/deturfunpoco.com\/deturf\/wp-content\/uploads\/2025\/06\/la-fusta-banner-notas.png 800w, https:\/\/deturfunpoco.com\/deturf\/wp-content\/uploads\/2025\/06\/la-fusta-banner-notas-300x56.png 300w, https:\/\/deturfunpoco.com\/deturf\/wp-content\/uploads\/2025\/06\/la-fusta-banner-notas-768x144.png 768w\" sizes=\"(max-width: 800px) 100vw, 800px\" \/><\/a><figcaption class=\"wp-element-caption\">Talabarteria La Fusta<\/figcaption><\/figure>\n\n\n\n<figure class=\"wp-block-image size-large\"><img decoding=\"async\" width=\"1024\" height=\"389\" src=\"https:\/\/deturfunpoco.com\/deturf\/wp-content\/uploads\/2026\/01\/608754693_1296676035826104_22494402932696896_n-1024x389.jpg\" alt=\"\" class=\"wp-image-12608\" srcset=\"https:\/\/deturfunpoco.com\/deturf\/wp-content\/uploads\/2026\/01\/608754693_1296676035826104_22494402932696896_n-1024x389.jpg 1024w, https:\/\/deturfunpoco.com\/deturf\/wp-content\/uploads\/2026\/01\/608754693_1296676035826104_22494402932696896_n-300x114.jpg 300w, https:\/\/deturfunpoco.com\/deturf\/wp-content\/uploads\/2026\/01\/608754693_1296676035826104_22494402932696896_n-768x292.jpg 768w, https:\/\/deturfunpoco.com\/deturf\/wp-content\/uploads\/2026\/01\/608754693_1296676035826104_22494402932696896_n-1536x584.jpg 1536w, https:\/\/deturfunpoco.com\/deturf\/wp-content\/uploads\/2026\/01\/608754693_1296676035826104_22494402932696896_n.jpg 1725w\" sizes=\"(max-width: 1024px) 100vw, 1024px\" \/><figcaption class=\"wp-element-caption\">Hip\u00f3dromo de San Isidro<\/figcaption><\/figure>\n","protected":false},"excerpt":{"rendered":"<p>En Per\u00fa se corri\u00f3 el Gran Premio Latinoamericano (Grado Uno en la escala internacional) sobre<\/p>\n","protected":false},"author":3,"featured_media":12694,"comment_status":"closed","ping_status":"closed","sticky":false,"template":"","format":"standard","meta":{"iawp_total_views":0,"footnotes":""},"categories":[5,1,794,3],"tags":[148,284,107,841],"class_list":["post-12693","post","type-post","status-publish","format-standard","has-post-thumbnail","hentry","category-agenda","category-deturfunpoco","category-internacional","category-turf","tag-de-turf-un-poco","tag-el-turf-es-trabajo","tag-gran-premio-latinoamericano","tag-hipodromo-de-monterrico"],"_links":{"self":[{"href":"https:\/\/deturfunpoco.com\/deturf\/wp-json\/wp\/v2\/posts\/12693","targetHints":{"allow":["GET"]}}],"collection":[{"href":"https:\/\/deturfunpoco.com\/deturf\/wp-json\/wp\/v2\/posts"}],"about":[{"href":"https:\/\/deturfunpoco.com\/deturf\/wp-json\/wp\/v2\/types\/post"}],"author":[{"embeddable":true,"href":"https:\/\/deturfunpoco.com\/deturf\/wp-json\/wp\/v2\/users\/3"}],"replies":[{"embeddable":true,"href":"https:\/\/deturfunpoco.com\/deturf\/wp-json\/wp\/v2\/comments?post=12693"}],"version-history":[{"count":1,"href":"https:\/\/deturfunpoco.com\/deturf\/wp-json\/wp\/v2\/posts\/12693\/revisions"}],"predecessor-version":[{"id":12696,"href":"https:\/\/deturfunpoco.com\/deturf\/wp-json\/wp\/v2\/posts\/12693\/revisions\/12696"}],"wp:featuredmedia":[{"embeddable":true,"href":"https:\/\/deturfunpoco.com\/deturf\/wp-json\/wp\/v2\/media\/12694"}],"wp:attachment":[{"href":"https:\/\/deturfunpoco.com\/deturf\/wp-json\/wp\/v2\/media?parent=12693"}],"wp:term":[{"taxonomy":"category","embeddable":true,"href":"https:\/\/deturfunpoco.com\/deturf\/wp-json\/wp\/v2\/categories?post=12693"},{"taxonomy":"post_tag","embeddable":true,"href":"https:\/\/deturfunpoco.com\/deturf\/wp-json\/wp\/v2\/tags?post=12693"}],"curies":[{"name":"wp","href":"https:\/\/api.w.org\/{rel}","templated":true}]}}