{"id":972,"date":"2019-12-16T03:03:31","date_gmt":"2019-12-16T03:03:31","guid":{"rendered":"https:\/\/deturfunpoco.com\/deturf\/?p=972"},"modified":"2019-12-16T03:03:32","modified_gmt":"2019-12-16T03:03:32","slug":"fuerte-respaldo-del-gobierno-provincial-a-la-industria-hipica-nunca-mas-hay-que-poner-en-sangria-una-actividad-productiva","status":"publish","type":"post","link":"https:\/\/deturfunpoco.com\/deturf\/2019\/12\/16\/fuerte-respaldo-del-gobierno-provincial-a-la-industria-hipica-nunca-mas-hay-que-poner-en-sangria-una-actividad-productiva\/","title":{"rendered":"Fuerte respaldo del gobierno provincial a la industria h\u00edpica: \u201cnunca m\u00e1s hay que poner en sangr\u00eda una actividad productiva\u201d"},"content":{"rendered":"\n<p>Teresa Garc\u00eda, ministra de Gobierno de Axel Kicillof,\nparticip\u00f3 del tradicional premio Carlos Pellegrini, que se llev\u00f3 a cabo en el\nhip\u00f3dromo de San Isidro. La funcionaria brind\u00f3 un fuerte respaldo al sector, y\nasegur\u00f3 que \u201cno puede haber un solo gobernante que diga d\u00f3nde vale m\u00e1s un\npuesto de trabajo\u201d. <\/p>\n\n\n\n<p>\u201cNo puede haber un solo gobernante que diga d\u00f3nde vale\nm\u00e1s un puesto de trabajo. Esto es una actividad productiva y, como tal, tiene\nque estar jerarquizada por el gobierno\u201d. Teresa Garc\u00eda, ministra de Gobierno\nbonaerense, particip\u00f3 de la memorable jornada en la que se disput\u00f3 el\ntradicional premio Carlos Pellegrini en un desbordante hip\u00f3dromo de San Isidro,\ny volvi\u00f3 a manifestar un fuerte respaldo de la gesti\u00f3n de Axel Kicillof hacia\nla industria h\u00edpica. <\/p>\n\n\n\n<p>\u201cEstoy muy emocionada, honrada y distinguida porque la\nactividad haya permitido que yo entregara el Carlos Pellegrini. La verdad, me\nproduce una emoci\u00f3n personal muy grande\u201d, explic\u00f3 la exsenadora en conversaci\u00f3n\ncon la prensa. Adem\u00e1s, detall\u00f3 que su presencia en una de las catedrales del\nturf \u201cno hace m\u00e1s que reforzar el compromiso que he asumido con esta actividad\ncuando arreciaron tiempos feos en la no comprensi\u00f3n de quienes ten\u00edan a su\ncargo el gobierno en la no comprensi\u00f3n de que esta es una actividad productiva\npor excelencia y que genera y motoriza much\u00edsimos puestos de empleo\u201d. <\/p>\n\n\n\n<p>\u201cEn lugar de decir que al empleo hay que reconvertirlo en\npersonas que manejen drones o produzcan cerveza artesanal, lo que hay que\nrescatar es la sabidur\u00eda y el expertiz de personas que han trascendido de\ngeneraci\u00f3n en generaci\u00f3n en esta actividad, con amor y con pasi\u00f3n por los\nanimales. No puede haber un solo gobernante que diga d\u00f3nde vale m\u00e1s un puesto\nde trabajo. Esto es una actividad productiva y, como tal, tiene que estar\njerarquizada por el gobierno\u201d, enfatiz\u00f3. <\/p>\n\n\n\n<p>Teresa Garc\u00eda tambi\u00e9n fue reconocida por el trabajo que\nrealiz\u00f3 como senadora, cuando tuvo a su cargo la resistencia al intento de\nmodificaci\u00f3n de la Ley de Reparaci\u00f3n para con el sector que pretendi\u00f3 realizar\nel gobierno bonaerense anterior. \u201cEl gobernador ve esta actividad como\nproductiva. El aspecto l\u00fadico es la \u00faltima parte de la cadena, pero hay que\nmejorarlo tambi\u00e9n, porque eso hace a la promoci\u00f3n del origen de toda la\nactividad. El gobernador ha dicho que piensa fortalecer esto y que estaba en\nconocimiento de lo que estaba ocurriendo mientras era diputado nacional y yo\nsenadora\u201d, afirm\u00f3. <\/p>\n\n\n\n<p>La ministra tambi\u00e9n habl\u00f3 de lo \u201cterrible\u201d que signific\u00f3\npara muchos pueblos de la provincia el cierre de algunos hip\u00f3dromos por la\np\u00e9rdida de fuentes de trabajo de personas que se dedicaron generaci\u00f3n tras\ngeneraci\u00f3n a esa industria. \u201cEn los campos de la provincia es donde se cr\u00edan\nlos caballos. Hablaba con quien gan\u00f3 el Pellegrini, es un brasile\u00f1o que estaba\nemocionad\u00edsimo. Tenemos que tener a un bonaerense en esa misma condici\u00f3n en el\npr\u00f3ximo Pellegrini\u201d, augur\u00f3. \u201cTodos sabemos que estamos en emergencia. El fin\nde esta actividad tambi\u00e9n se convertir\u00eda en emergencia si la gente se queda en\nla calle. Nunca m\u00e1s poner en sangr\u00eda una actividad productiva, como pretendi\u00f3\nel gobierno de Mar\u00eda Eugenia Vidal\u201d, cerr\u00f3. <\/p>\n\n\n\n<p>Por su parte Diego Quiroga, secretario general de la\nAsociaci\u00f3n del Personal de Hip\u00f3dromos, Agencias, Apuestas y Afines de la\nRep\u00fablica Argentina (APHARA), manifest\u00f3 el entusiasmo que los diversos sectores\nque integran esa industria avizoran con la llegada de Axel Kicillof al poder.\n\u201cSeguramente vamos a poder recomponer el da\u00f1o que sufrimos. Contamos con\ncapacidad e inteligencia en el gobierno que, seguramente, nos va a dar el apoyo\nque necesitamos los trabajadores y la industria\u201d, consider\u00f3.<\/p>\n\n\n\n<p>Y concluy\u00f3: \u201cencontramos en el presidente Alberto Fern\u00e1ndez y en el gobernador Axel Kicillof un motivo de esperanza para volver a convertir a la provincia de Buenos Aires en el motor productivo del pa\u00eds tras la grave crisis que atraves\u00f3 la industria h\u00edpica en estos \u00faltimos cuatro a\u00f1os\u201d. <\/p>\n\n\n\n<p>Adri\u00e1n Noriega<br>\nPrensa Aphara<\/p>\n\n\n\n<p class=\"has-text-align-right\">By: Constanza Pulgar &#8211; De Turf Un Poco<\/p>\n\n\n\n<p><\/p>\n","protected":false},"excerpt":{"rendered":"<p>Teresa Garc\u00eda, ministra de Gobierno de Axel Kicillof, particip\u00f3 del tradicional premio Carlos Pellegrini, que<\/p>\n","protected":false},"author":1,"featured_media":973,"comment_status":"open","ping_status":"open","sticky":false,"template":"","format":"standard","meta":{"iawp_total_views":0,"footnotes":""},"categories":[4],"tags":[],"class_list":["post-972","post","type-post","status-publish","format-standard","has-post-thumbnail","hentry","category-sociales"],"_links":{"self":[{"href":"https:\/\/deturfunpoco.com\/deturf\/wp-json\/wp\/v2\/posts\/972","targetHints":{"allow":["GET"]}}],"collection":[{"href":"https:\/\/deturfunpoco.com\/deturf\/wp-json\/wp\/v2\/posts"}],"about":[{"href":"https:\/\/deturfunpoco.com\/deturf\/wp-json\/wp\/v2\/types\/post"}],"author":[{"embeddable":true,"href":"https:\/\/deturfunpoco.com\/deturf\/wp-json\/wp\/v2\/users\/1"}],"replies":[{"embeddable":true,"href":"https:\/\/deturfunpoco.com\/deturf\/wp-json\/wp\/v2\/comments?post=972"}],"version-history":[{"count":1,"href":"https:\/\/deturfunpoco.com\/deturf\/wp-json\/wp\/v2\/posts\/972\/revisions"}],"predecessor-version":[{"id":974,"href":"https:\/\/deturfunpoco.com\/deturf\/wp-json\/wp\/v2\/posts\/972\/revisions\/974"}],"wp:featuredmedia":[{"embeddable":true,"href":"https:\/\/deturfunpoco.com\/deturf\/wp-json\/wp\/v2\/media\/973"}],"wp:attachment":[{"href":"https:\/\/deturfunpoco.com\/deturf\/wp-json\/wp\/v2\/media?parent=972"}],"wp:term":[{"taxonomy":"category","embeddable":true,"href":"https:\/\/deturfunpoco.com\/deturf\/wp-json\/wp\/v2\/categories?post=972"},{"taxonomy":"post_tag","embeddable":true,"href":"https:\/\/deturfunpoco.com\/deturf\/wp-json\/wp\/v2\/tags?post=972"}],"curies":[{"name":"wp","href":"https:\/\/api.w.org\/{rel}","templated":true}]}}