{"id":992,"date":"2019-12-22T15:29:02","date_gmt":"2019-12-22T15:29:02","guid":{"rendered":"https:\/\/deturfunpoco.com\/deturf\/?p=992"},"modified":"2019-12-22T15:29:03","modified_gmt":"2019-12-22T15:29:03","slug":"pablo-falero-corrio-su-ultima-carrera-y-fue-homenajeado-en-el-hipodromo-de-palermo","status":"publish","type":"post","link":"https:\/\/deturfunpoco.com\/deturf\/2019\/12\/22\/pablo-falero-corrio-su-ultima-carrera-y-fue-homenajeado-en-el-hipodromo-de-palermo\/","title":{"rendered":"Pablo Falero corri\u00f3 su \u00faltima carrera y fue homenajeado en el Hip\u00f3dromo de Palermo"},"content":{"rendered":"\n<p>El s\u00e1bado 21 de diciembre a las19:20 horas, el prestigioso jockey Pablo Gustavo Falero corri\u00f3 su \u00faltima carrera en el Hip\u00f3dromo de Palermo y se despidi\u00f3 de las pistas con un emotivo homenaje.<\/p>\n\n\n\n<p>El jockey que alcanz\u00f3 m\u00e1s victorias en la historia de la h\u00edpica argentina, Pablo Falero, corri\u00f3 su \u00faltima carrera en el Hip\u00f3dromo de Palermo y fue protagonista de un emotivo homenaje.<\/p>\n\n\n\n<p>Las autoridades del Hip\u00f3dromo de Palermo, acompa\u00f1adas por el Embajador de la Rep\u00fablica Oriental del Uruguay, H\u00e9ctor Lescano, la Uni\u00f3n de Jockeys de la Rep\u00fablica Argentina, familiares y amigos del jinete, y todos los jockeys que compitieron y supieron compartir con Falero grandes momentos, lo agasajaron reunidos en la arena de Palermo frente al disco.<\/p>\n\n\n\n<p>Durante toda la jornada, se emitieron saludos por el canal oficial del hip\u00f3dromo, con mensajes de amigos y familiares de Falero que expresaron buenos deseos y destacaron sus virtudes. Entre ellos, los jockeys: Edwin Talaverano, Horacio Karamanos, Juan Carlos Noriega, Jorge Ricardo, Jorge Ruiz D\u00edaz, Jacinto Herrera, Julio M\u00e9ndez; los ex-jockeys: Rub\u00e9n Rivero y Jorge Valdivieso; las autoridades de la Comisi\u00f3n de Carreras del Hip\u00f3dromo de Palermo: Antonio Bullrich, Ignacio Pavlovsky; los entrenadores: Alfredo Gait\u00e1n Dassi\u00e9, Walter B\u00e1ez, Guillermo Frenkel Santill\u00e1n; y la familia del jockey: sushijos y nietos.<\/p>\n\n\n\n<p>A las 19:20 hs. del s\u00e1bado, Falero corri\u00f3 la 13ra carrera denominada \u201cDelivery\u201d, Copa \u201cPablo Gustavo Falero\u201d, con el caballo Roman Oak, de la cual result\u00f3 ganador Adri\u00e1n Giannetti con el caballo Inca Boy.<\/p>\n\n\n\n<p>En el homenaje, posterior a la carrera,el Hip\u00f3dromo de Palermo sorprendi\u00f3 a Falero con un video, que se emiti\u00f3 por el canal oficial para todos los asistentes, y recorri\u00f3 los hitos m\u00e1s importantes de su historia profesional y personal mediante el relato de su esposa Patricia Chevalier yel entrenador con quien obtuvo importantes victorias, Juan Carlos Maldotti. All\u00ed aparecieron fotograf\u00edas de Falero de chico, se abord\u00f3 su llegada a la Argentina, sus primeras victorias, el accidente del \u201998 y su vuelta triunfal nueve meses despu\u00e9s, entre otros momentos importantes de la conmovedora vida del jockey.<\/p>\n\n\n\n<p>Adem\u00e1s, H\u00e9ctor Lescano reconoci\u00f3 la importante trayectoria de Falero entreg\u00e1ndole una bandeja labrada de plata, Jos\u00e9 Lufrano, una plaqueta, destacando su labor como jockey, y el fot\u00f3grafo Juan Ignacio Bozzello, un libro personalizado. Por \u00faltimo, el Hip\u00f3dromo de Palermo le obsequi\u00f3 un cuadro preparado especialmente, con fotograf\u00edas de la carrera \u201cGran Premio Criadores\u201d de 2016,en la que el jockey mont\u00f3 a la yegua \u201cCorona del Inca\u201d y gan\u00f3.<\/p>\n\n\n\n<p>Por su maestr\u00eda, profesionalismo y humildad, como jockey y como persona, Falero fue ovacionado por sus seguidores, sus familiares, colegas y las autoridades del Hip\u00f3dromo de Palermo mientras comenz\u00f3 a sonar el tango, creado en su honor, \u201cAlguien llamado Falero\u201d.<\/p>\n\n\n\n<p>www.palermo.com.ar<\/p>\n\n\n\n<p class=\"has-text-align-right\">By: Constanza Pulgar &#8211; De Turf Un Poco<\/p>\n","protected":false},"excerpt":{"rendered":"<p>El s\u00e1bado 21 de diciembre a las19:20 horas, el prestigioso jockey Pablo Gustavo Falero corri\u00f3<\/p>\n","protected":false},"author":1,"featured_media":993,"comment_status":"open","ping_status":"open","sticky":false,"template":"","format":"standard","meta":{"iawp_total_views":9,"footnotes":""},"categories":[4,3],"tags":[],"class_list":["post-992","post","type-post","status-publish","format-standard","has-post-thumbnail","hentry","category-sociales","category-turf"],"_links":{"self":[{"href":"https:\/\/deturfunpoco.com\/deturf\/wp-json\/wp\/v2\/posts\/992","targetHints":{"allow":["GET"]}}],"collection":[{"href":"https:\/\/deturfunpoco.com\/deturf\/wp-json\/wp\/v2\/posts"}],"about":[{"href":"https:\/\/deturfunpoco.com\/deturf\/wp-json\/wp\/v2\/types\/post"}],"author":[{"embeddable":true,"href":"https:\/\/deturfunpoco.com\/deturf\/wp-json\/wp\/v2\/users\/1"}],"replies":[{"embeddable":true,"href":"https:\/\/deturfunpoco.com\/deturf\/wp-json\/wp\/v2\/comments?post=992"}],"version-history":[{"count":1,"href":"https:\/\/deturfunpoco.com\/deturf\/wp-json\/wp\/v2\/posts\/992\/revisions"}],"predecessor-version":[{"id":994,"href":"https:\/\/deturfunpoco.com\/deturf\/wp-json\/wp\/v2\/posts\/992\/revisions\/994"}],"wp:featuredmedia":[{"embeddable":true,"href":"https:\/\/deturfunpoco.com\/deturf\/wp-json\/wp\/v2\/media\/993"}],"wp:attachment":[{"href":"https:\/\/deturfunpoco.com\/deturf\/wp-json\/wp\/v2\/media?parent=992"}],"wp:term":[{"taxonomy":"category","embeddable":true,"href":"https:\/\/deturfunpoco.com\/deturf\/wp-json\/wp\/v2\/categories?post=992"},{"taxonomy":"post_tag","embeddable":true,"href":"https:\/\/deturfunpoco.com\/deturf\/wp-json\/wp\/v2\/tags?post=992"}],"curies":[{"name":"wp","href":"https:\/\/api.w.org\/{rel}","templated":true}]}}